{"id":2348,"date":"2026-02-12T13:41:58","date_gmt":"2026-02-12T12:41:58","guid":{"rendered":"https:\/\/cfnorge.no\/?p=2348"},"modified":"2026-02-12T15:19:32","modified_gmt":"2026-02-12T14:19:32","slug":"50-ars-jubileum-med-cf-foreningen-24-26-april-2026","status":"publish","type":"post","link":"https:\/\/cfnorge.no\/en\/50-ars-jubileum-med-cf-foreningen-24-26-april-2026\/","title":{"rendered":"Meld deg p\u00e5 l\u00e6ringshelg og jubileumsfeiring 24-26.april!"},"content":{"rendered":"<p>[et_pb_section fb_built=&raquo;1&#8243; _builder_version=&raquo;4.21.0&#8243; _module_preset=&raquo;default&raquo; background_color=&raquo;gcid-9e2f3af2-1007-4221-b250-8e35d98c5991&#8243; custom_margin=&raquo;0px||||false|false&raquo; custom_padding=&raquo;0px||54px||false|false&raquo; global_colors_info=&raquo;{%22gcid-9e2f3af2-1007-4221-b250-8e35d98c5991%22:%91%22background_color%22%93}&raquo;][et_pb_row _builder_version=&raquo;4.21.0&#8243; _module_preset=&raquo;default&raquo; max_width=&raquo;900px&raquo; module_alignment=&raquo;center&raquo; custom_margin=&raquo;|auto||92px||&raquo; global_colors_info=&raquo;{}&raquo;][et_pb_column type=&raquo;4_4&#8243; _builder_version=&raquo;4.21.0&#8243; _module_preset=&raquo;default&raquo; global_colors_info=&raquo;{}&raquo;][et_pb_button button_url=&raquo;@ET-DC@eyJkeW5hbWljIjp0cnVlLCJjb250ZW50IjoicG9zdF9saW5rX3VybF9wYWdlIiwic2V0dGluZ3MiOnsicG9zdF9pZCI6IjI1NSJ9fQ==@&raquo; button_text=&raquo;Tilbake&raquo; _builder_version=&raquo;4.21.0&#8243; _dynamic_attributes=&raquo;button_url&raquo; _module_preset=&raquo;default&raquo; custom_button=&raquo;on&raquo; button_text_size=&raquo;18px&raquo; button_text_color=&raquo;gcid-edcc47c2-e936-4ba2-8e6c-8ca8cb2c2a05&#8243; button_bg_color=&raquo;gcid-9e2f3af2-1007-4221-b250-8e35d98c5991&#8243; button_border_width=&raquo;0px&raquo; button_border_color=&raquo;gcid-9e2f3af2-1007-4221-b250-8e35d98c5991&#8243; button_border_radius=&raquo;0px&raquo; button_font=&raquo;Poppins||||||||&raquo; button_icon=&raquo;&#x23;||divi||400&#8243; button_icon_placement=&raquo;left&raquo; button_on_hover=&raquo;off&raquo; custom_margin=&raquo;||20px||false|false&raquo; custom_padding=&raquo;||||false|false&raquo; global_colors_info=&raquo;{%22gcid-edcc47c2-e936-4ba2-8e6c-8ca8cb2c2a05%22:%91%22button_text_color%22%93,%22gcid-9e2f3af2-1007-4221-b250-8e35d98c5991%22:%91%22button_border_color%22,%22button_bg_color%22%93}&raquo;][\/et_pb_button][et_pb_text admin_label=&raquo;Tekst&raquo; _builder_version=&raquo;4.21.0&#8243; _module_preset=&raquo;default&raquo; text_font=&raquo;Poppins|300|||||||&raquo; text_text_color=&raquo;gcid-26e97d0d-b127-4ce1-b597-0df3fb01df24&#8243; link_font=&raquo;Poppins|500|||||||&raquo; link_text_color=&raquo;gcid-edcc47c2-e936-4ba2-8e6c-8ca8cb2c2a05&#8243; global_colors_info=&raquo;{%22gcid-26e97d0d-b127-4ce1-b597-0df3fb01df24%22:%91%22text_text_color%22%93,%22gcid-edcc47c2-e936-4ba2-8e6c-8ca8cb2c2a05%22:%91%22link_text_color%22%93}&raquo;]<\/p>\n<h3><\/h3>\n<h1><\/h1>\n<h1 data-start=\"96\" data-end=\"142\"><strong data-start=\"96\" data-end=\"142\">Norsk forening for cystisk fibrose fyller 50! <\/strong><\/h1>\n<p dir=\"ltr\" data-pm-slice=\"1 1 []\">Kj\u00e6re medlemmer og st\u00f8ttespillere. I \u00e5r er det hele 50 \u00e5r siden foreningen ble etablert en desemberdag i 1976 med et lite interimstyre. Gjennom de siste ti\u00e5rene har foreningen blitt et viktig samlepunkt og en sentral del av hverdagen for mange av oss.<br class=\"html-br\" \/><br class=\"html-br\" \/>Siden starten v\u00e5r i 1976, har b\u00e5de cf-omsorgen og foreningen v\u00e6rt gjennom en utrolig reise, og nettopp derfor \u00f8nsker vi \u00e5 bruke dette jubileet til \u00e5 se tilbake p\u00e5 historien v\u00e5r og reflektere over veien videre, og vi gleder oss til \u00e5 gj\u00f8re nettopp dette sammen med dere.\u00a0<\/p>\n<h4 dir=\"ltr\" data-pm-slice=\"1 1 []\"><strong>P\u00e5meldingen<\/strong> gj\u00f8res via <a href=\"https:\/\/nfcf.surveysparrow.com\/s\/Pmelding-til-Lringshelg-og-50-rsjubileumsfeiring-NFCF\/tt-RYkPn?fbclid=IwY2xjawP6wAVleHRuA2FlbQIxMQBicmlkETBYT1o5WkFvMzJHT1J6OHlhc3J0YwZhcHBfaWQQMjIyMDM5MTc4ODIwMDg5MgABHoH4_jJX-GwOB7z6hmYZZwjt-o8it36XMPoemH118ZB5l1ldnZoOXO0B6_9o_aem_NZjzt_UrcpzfInhHP6WUiQ\">p\u00e5meldingsskjemaet her.<\/a>\u00a0<\/h4>\n<p dir=\"ltr\" data-pm-slice=\"1 1 []\">\n<p>&nbsp;<\/p>\n<p>[\/et_pb_text][\/et_pb_column][\/et_pb_row][et_pb_row _builder_version=&raquo;4.21.0&#8243; _module_preset=&raquo;default&raquo; global_colors_info=&raquo;{}&raquo;][et_pb_column type=&raquo;4_4&#8243; _builder_version=&raquo;4.21.0&#8243; _module_preset=&raquo;default&raquo; global_colors_info=&raquo;{}&raquo;][et_pb_countdown_timer title=&raquo;Jubileum og l\u00e6ringshelg 2026 &raquo; date_time=&raquo;2026-04-24 11:10&#8243; _builder_version=&raquo;4.21.0&#8243; _module_preset=&raquo;default&raquo; global_colors_info=&raquo;{}&raquo;][\/et_pb_countdown_timer][\/et_pb_column][\/et_pb_row][\/et_pb_section][et_pb_section fb_built=&raquo;1&#8243; _builder_version=&raquo;4.21.0&#8243; _module_preset=&raquo;default&raquo; custom_padding=&raquo;33px|||||&raquo; global_colors_info=&raquo;{}&raquo;][et_pb_row column_structure=&raquo;1_2,1_2&#8243; _builder_version=&raquo;4.21.0&#8243; _module_preset=&raquo;default&raquo; global_colors_info=&raquo;{}&raquo;][et_pb_column type=&raquo;1_2&#8243; _builder_version=&raquo;4.21.0&#8243; _module_preset=&raquo;default&raquo; global_colors_info=&raquo;{}&raquo;][et_pb_image src=&raquo;https:\/\/cfnorge.no\/wp-content\/uploads\/2026\/01\/jubileum.jpg&raquo; title_text=&raquo;jubileum&raquo; url=&raquo;https:\/\/sjelden.no\/course\/2018-Cystisk_fibrose_introduksjonskurs\/index.html#\/page\/5c6a88e000c466020c75b7c1&#8243; url_new_window=&raquo;on&raquo; _builder_version=&raquo;4.21.0&#8243; _module_preset=&raquo;default&raquo; global_colors_info=&raquo;{}&raquo;][\/et_pb_image][\/et_pb_column][et_pb_column type=&raquo;1_2&#8243; _builder_version=&raquo;4.21.0&#8243; _module_preset=&raquo;default&raquo; global_colors_info=&raquo;{}&raquo;][et_pb_text _builder_version=&raquo;4.21.0&#8243; _module_preset=&raquo;default&raquo; header_font=&raquo;Poppins|600|||||||&raquo; header_text_color=&raquo;gcid-26e97d0d-b127-4ce1-b597-0df3fb01df24&#8243; custom_margin=&raquo;0px||0px||false|false&raquo; custom_padding=&raquo;0px||0px||false|false&raquo; global_colors_info=&raquo;{%22gcid-26e97d0d-b127-4ce1-b597-0df3fb01df24%22:%91%22header_text_color%22%93}&raquo;]<\/p>\n<h3><strong>Informasjon<\/strong><\/h3>\n<p>[\/et_pb_text][et_pb_text quote_border_color=&raquo;gcid-edcc47c2-e936-4ba2-8e6c-8ca8cb2c2a05&#8243; _builder_version=&raquo;4.21.0&#8243; _module_preset=&raquo;default&raquo; text_font=&raquo;Poppins|300|||||||&raquo; text_text_color=&raquo;gcid-26e97d0d-b127-4ce1-b597-0df3fb01df24&#8243; text_font_size=&raquo;16px&raquo; text_line_height=&raquo;1.8em&raquo; link_font=&raquo;Poppins|500|||||||&raquo; link_text_color=&raquo;gcid-edcc47c2-e936-4ba2-8e6c-8ca8cb2c2a05&#8243; custom_padding=&raquo;||32px|||&raquo; custom_padding_tablet=&raquo;||32px|||&raquo; custom_padding_phone=&raquo;||0px||false|false&raquo; custom_padding_last_edited=&raquo;on|phone&raquo; inline_fonts=&raquo;Poppins&raquo; global_colors_info=&raquo;{%22gcid-26e97d0d-b127-4ce1-b597-0df3fb01df24%22:%91%22text_text_color%22%93,%22gcid-edcc47c2-e936-4ba2-8e6c-8ca8cb2c2a05%22:%91%22quote_border_color%22,%22link_text_color%22%93}&raquo;]<\/p>\n<p dir=\"auto\">Jubileumsfeiringen finner sted i Sandvika p\u00e5 Thon Hotel Oslofjord fra <strong>fredag 24. til s\u00f8ndag 26. april.<\/strong> Som tradisjonen tro blir det et eget ungdomsarrangement fredag kveld med middag og mingling p\u00e5 hotellet for de voksne. L\u00f8rdag og s\u00f8ndag formiddag fylles med et spennende faglig program, f\u00f8r vi avslutter med festmiddag og selve jubileumsfeiringen l\u00f8rdag kveld.<\/p>\n<p dir=\"auto\">P\u00e5melding vil komme fortl\u00f8pende utover v\u00e5ren. Det aller viktigste akkurat n\u00e5 er at du og din familie s\u00f8rger for \u00e5 ha <strong>smittepr\u00f8vene klare i god tid<\/strong>. Mer informasjon om smittevern og p\u00e5meldingsprosess finner du lenger ned p\u00e5 siden under \u00abSmittevern og p\u00e5melding\u00bb.<\/p>\n<p dir=\"auto\">Nyhet for \u00e5rets jubileum: Gjennom hele jubileums\u00e5ret vil vi dele ut <strong>\u00abEkstra gode dager\u00bb<\/strong> \u2013 en spesiell jubileumsversjon av trivselsmidlene. Vil du s\u00f8ke? Klikk for \u00e5 komme til <a href=\"https:\/\/docs.google.com\/forms\/d\/e\/1FAIpQLSch-HkCX7VxuVVK_MjnLMYoMNOhq0KZfWEtv7Y4hjCIZjBeng\/viewform?usp=dialog\">skjemaet her<\/a>.<\/p>\n<p>[\/et_pb_text][et_pb_code _builder_version=&raquo;4.21.0&#8243; _module_preset=&raquo;default&raquo; global_colors_info=&raquo;{}&raquo;]<\/p>\n<div id=\"vp-preview\" class=\"vp-preview\" style=\"background-image: url(;\" data-thumb=\"https:\/\/i.vimeocdn.com\/video\/760238171-fa00ae128d25fbab0771654cfaf99318308f8b992ae7b50178215fa1d440802b-d?mw=2100&#038;mh=1181&#038;q=70\" data-thumb-width=\"2100\"><\/div>\n<p><!-- [et_pb_line_break_holder] --><!-- [et_pb_line_break_holder] -->[\/et_pb_code][\/et_pb_column][\/et_pb_row][\/et_pb_section][et_pb_section fb_built=&raquo;1&#8243; _builder_version=&raquo;4.21.0&#8243; _module_preset=&raquo;default&raquo; custom_padding=&raquo;33px||0px|||&raquo; global_colors_info=&raquo;{}&raquo;][et_pb_row _builder_version=&raquo;4.21.0&#8243; _module_preset=&raquo;default&raquo; global_colors_info=&raquo;{}&raquo;][et_pb_column type=&raquo;4_4&#8243; _builder_version=&raquo;4.21.0&#8243; _module_preset=&raquo;default&raquo; global_colors_info=&raquo;{}&raquo;][et_pb_text _builder_version=&raquo;4.21.0&#8243; _module_preset=&raquo;default&raquo; header_font=&raquo;Poppins|600|||||||&raquo; header_text_color=&raquo;gcid-26e97d0d-b127-4ce1-b597-0df3fb01df24&#8243; custom_margin=&raquo;0px||0px||false|false&raquo; custom_padding=&raquo;0px||0px||false|false&raquo; global_colors_info=&raquo;{%22gcid-26e97d0d-b127-4ce1-b597-0df3fb01df24%22:%91%22header_text_color%22%93}&raquo;]<\/p>\n<h3><strong>Smittevern og p\u00e5melding <\/strong><\/h3>\n<p>[\/et_pb_text][et_pb_text _builder_version=&raquo;4.21.0&#8243; _module_preset=&raquo;default&raquo; text_font=&raquo;Poppins|300|||||||&raquo; text_text_color=&raquo;gcid-26e97d0d-b127-4ce1-b597-0df3fb01df24&#8243; text_font_size=&raquo;16px&raquo; text_line_height=&raquo;1.8em&raquo; custom_margin=&raquo;||||false|false&raquo; custom_padding=&raquo;|||0px||&raquo; global_colors_info=&raquo;{%22gcid-26e97d0d-b127-4ce1-b597-0df3fb01df24%22:%91%22text_text_color%22%93}&raquo;]Det er 3 ulike steg som er viktige \u00e5 ta ved p\u00e5melding. Last ned hele dokumentet med veiledning og steg for steg oppskrifter ved \u00e5 klikke deg inn p\u00e5 <a href=\"https:\/\/cfnorge.no\/wp-content\/uploads\/2026\/01\/Veiledning-for-pamelding-og-smitteprover.pdf\">denne lenken!<\/a><\/p>\n<p><strong>1. Smittevern og pr\u00f8ver:<\/strong> For at alle skal kunne delta p\u00e5 en trygg og forsvarlig m\u00e5te, m\u00e5 vi f\u00f8lge internasjonale og nasjonale smittevernretningslinjer for CF og PCD. Disse reglene er strenge, men de er ogs\u00e5 helt avgj\u00f8rende for alles helse og sikkerhet. Alle med CF og CD m\u00e5 sende inn\/levere eksekspektoratpr\u00f8ve\/larynxaspirat f\u00f8r arrangementet.<\/p>\n<p><strong>2. P\u00e5melding til LMS<\/strong> for \u00e5 kunne s\u00f8ke reisest\u00f8tte til oppl\u00e6ring for pasient og p\u00e5r\u00f8rende. Dersom du \u00f8nsker \u00e5 f\u00e5 reisen refundert m\u00e5 du ha en offisiell henvisning og inkalling som deltaker p\u00e5 kurset. Du finner steg-for-steg oppskrift for<a href=\"https:\/\/cfnorge.no\/wp-content\/uploads\/2026\/01\/Veiledning-for-pamelding-og-smitteprover.pdf\"> dette i dokumentet.<\/a><\/p>\n<p><strong>3. P\u00e5melding til Norsk forening for cystisk fibrose.<\/strong> Denne p\u00e5meldingen gjelder selve arrangementet med overnatting mat og program. Du m\u00e5 ikke ha meldt deg p\u00e5 LMS for \u00e5 kunne delta p\u00e5 arrangementet v\u00e5rt, det er kun dersom du \u00f8nsker refusjon.<\/p>\n<p>&nbsp;<br \/>\n[\/et_pb_text][et_pb_button button_url=&raquo;https:\/\/cfnorge.no\/jubileum-og-laeringshelg-2026\/?et_fb=1&#038;PageSpeed=off&raquo; button_text=&raquo;Arrangementssiden til jubileet finner du HER&raquo; _builder_version=&raquo;4.21.0&#8243; _module_preset=&raquo;default&raquo; custom_button=&raquo;on&raquo; button_text_size=&raquo;22px&raquo; button_text_color=&raquo;#FFFFFF&raquo; button_bg_color=&raquo;#007FE0&#8243; button_border_width=&raquo;1px&raquo; button_border_radius=&raquo;34px&raquo; button_letter_spacing=&raquo;0px&raquo; filter_opacity=&raquo;81%&raquo; box_shadow_style=&raquo;preset2&#8243; box_shadow_color=&raquo;#0C71C3&#8243; global_colors_info=&raquo;{}&raquo;][\/et_pb_button][\/et_pb_column][\/et_pb_row][\/et_pb_section][et_pb_section fb_built=&raquo;1&#8243; fullwidth=&raquo;on&raquo; _builder_version=&raquo;4.21.0&#8243; _module_preset=&raquo;default&raquo; global_colors_info=&raquo;{}&raquo;][\/et_pb_section]<\/p>","protected":false},"excerpt":{"rendered":"<p>Kj\u00e6re medlemmer og st\u00f8ttespillere. Til neste \u00e5r er det hele 50 \u00e5r siden foreningen ble etablert en desemberdag i 1976 med et lite interimstyre. Gjennom de siste ti\u00e5rene har foreningen blitt et viktig samlepunkt og en sentral del av hverdagen for mange av oss.\ud83d\udc99\ud83d\udc99<\/p>\n<p>Siden starten v\u00e5r i 1976, har b\u00e5de cf-omsorgen og foreningen v\u00e6rt gjennom en utrolig reise, og nettopp derfor \u00f8nsker vi \u00e5 bruke dette jubileet til \u00e5 se tilbake p\u00e5 historien v\u00e5r og reflektere over veien videre. Jubileumsfeiringen vil finne sted i Oslo-omr\u00e5det under L\u00e6ringshelgen 2026, og vi h\u00e5per derfor at dere allerede n\u00e5 holder av helgen 24.\u201326. april 2026.<\/p>\n<p>Jubileumskomiteen er i full gang med \u00e5 samle inn minner, og vi \u00f8nsker ogs\u00e5 \u00e5 h\u00f8re fra DEG. Vi blir veldig glad for alle bidrag i form av bilder, fortellinger, refleksjoner eller tanker som sendes til oss via kontaktinformasjonen i plakaten. \u263a\ufe0f<\/p>","protected":false},"author":6,"featured_media":2351,"comment_status":"closed","ping_status":"closed","sticky":false,"template":"","format":"standard","meta":{"_et_pb_use_builder":"on","_et_pb_old_content":"","_et_gb_content_width":"","footnotes":""},"categories":[39],"tags":[],"class_list":["post-2348","post","type-post","status-publish","format-standard","has-post-thumbnail","hentry","category-nyheter"],"yoast_head":"<!-- This site is optimized with the Yoast SEO plugin v26.2 - https:\/\/yoast.com\/wordpress\/plugins\/seo\/ -->\n<title>Meld deg p\u00e5 l\u00e6ringshelg og jubileumsfeiring 24-26.april! - CF Norge<\/title>\n<meta name=\"description\" content=\"Gjennom de siste ti\u00e5rene har foreningen blitt et viktig samlepunkt og en sentral del av hverdagen for mange av oss\" \/>\n<meta name=\"robots\" content=\"index, follow, max-snippet:-1, max-image-preview:large, max-video-preview:-1\" \/>\n<link rel=\"canonical\" href=\"https:\/\/cfnorge.no\/en\/50-ars-jubileum-med-cf-foreningen-24-26-april-2026\/\" \/>\n<meta property=\"og:locale\" content=\"en_GB\" \/>\n<meta property=\"og:type\" content=\"article\" \/>\n<meta property=\"og:title\" content=\"Meld deg p\u00e5 l\u00e6ringshelg og jubileumsfeiring 24-26.april! - CF Norge\" \/>\n<meta property=\"og:description\" content=\"Gjennom de siste ti\u00e5rene har foreningen blitt et viktig samlepunkt og en sentral del av hverdagen for mange av oss\" \/>\n<meta property=\"og:url\" content=\"https:\/\/cfnorge.no\/en\/50-ars-jubileum-med-cf-foreningen-24-26-april-2026\/\" \/>\n<meta property=\"og:site_name\" content=\"CF Norge\" \/>\n<meta property=\"article:published_time\" content=\"2026-02-12T12:41:58+00:00\" \/>\n<meta property=\"article:modified_time\" content=\"2026-02-12T14:19:32+00:00\" \/>\n<meta property=\"og:image\" content=\"https:\/\/cfnorge.no\/wp-content\/uploads\/2025\/09\/50-ar-med-CF-foreningen-Poster-2-scaled.png\" \/>\n\t<meta property=\"og:image:width\" content=\"1810\" \/>\n\t<meta property=\"og:image:height\" content=\"2560\" \/>\n\t<meta property=\"og:image:type\" content=\"image\/png\" \/>\n<meta name=\"author\" content=\"CFNorge\" \/>\n<meta name=\"twitter:card\" content=\"summary_large_image\" \/>\n<meta name=\"twitter:label1\" content=\"Written by\" \/>\n\t<meta name=\"twitter:data1\" content=\"CFNorge\" \/>\n\t<meta name=\"twitter:label2\" content=\"Estimated reading time\" \/>\n\t<meta name=\"twitter:data2\" content=\"3 minutes\" \/>\n<script type=\"application\/ld+json\" class=\"yoast-schema-graph\">{\"@context\":\"https:\/\/schema.org\",\"@graph\":[{\"@type\":\"Article\",\"@id\":\"https:\/\/cfnorge.no\/50-ars-jubileum-med-cf-foreningen-24-26-april-2026\/#article\",\"isPartOf\":{\"@id\":\"https:\/\/cfnorge.no\/50-ars-jubileum-med-cf-foreningen-24-26-april-2026\/\"},\"author\":{\"name\":\"CFNorge\",\"@id\":\"https:\/\/cfnorge.no\/#\/schema\/person\/923842d8e67794feac05bf046529d5c2\"},\"headline\":\"Meld deg p\u00e5 l\u00e6ringshelg og jubileumsfeiring 24-26.april!\",\"datePublished\":\"2026-02-12T12:41:58+00:00\",\"dateModified\":\"2026-02-12T14:19:32+00:00\",\"mainEntityOfPage\":{\"@id\":\"https:\/\/cfnorge.no\/50-ars-jubileum-med-cf-foreningen-24-26-april-2026\/\"},\"wordCount\":1380,\"publisher\":{\"@id\":\"https:\/\/cfnorge.no\/#organization\"},\"image\":{\"@id\":\"https:\/\/cfnorge.no\/50-ars-jubileum-med-cf-foreningen-24-26-april-2026\/#primaryimage\"},\"thumbnailUrl\":\"https:\/\/cfnorge.no\/wp-content\/uploads\/2025\/09\/50-ar-med-CF-foreningen-Poster-2-scaled.png\",\"articleSection\":[\"Nyheter\"],\"inLanguage\":\"en-GB\"},{\"@type\":\"WebPage\",\"@id\":\"https:\/\/cfnorge.no\/50-ars-jubileum-med-cf-foreningen-24-26-april-2026\/\",\"url\":\"https:\/\/cfnorge.no\/50-ars-jubileum-med-cf-foreningen-24-26-april-2026\/\",\"name\":\"Meld deg p\u00e5 l\u00e6ringshelg og jubileumsfeiring 24-26.april! - CF Norge\",\"isPartOf\":{\"@id\":\"https:\/\/cfnorge.no\/#website\"},\"primaryImageOfPage\":{\"@id\":\"https:\/\/cfnorge.no\/50-ars-jubileum-med-cf-foreningen-24-26-april-2026\/#primaryimage\"},\"image\":{\"@id\":\"https:\/\/cfnorge.no\/50-ars-jubileum-med-cf-foreningen-24-26-april-2026\/#primaryimage\"},\"thumbnailUrl\":\"https:\/\/cfnorge.no\/wp-content\/uploads\/2025\/09\/50-ar-med-CF-foreningen-Poster-2-scaled.png\",\"datePublished\":\"2026-02-12T12:41:58+00:00\",\"dateModified\":\"2026-02-12T14:19:32+00:00\",\"description\":\"Gjennom de siste ti\u00e5rene har foreningen blitt et viktig samlepunkt og en sentral del av hverdagen for mange av oss\",\"breadcrumb\":{\"@id\":\"https:\/\/cfnorge.no\/50-ars-jubileum-med-cf-foreningen-24-26-april-2026\/#breadcrumb\"},\"inLanguage\":\"en-GB\",\"potentialAction\":[{\"@type\":\"ReadAction\",\"target\":[\"https:\/\/cfnorge.no\/50-ars-jubileum-med-cf-foreningen-24-26-april-2026\/\"]}]},{\"@type\":\"ImageObject\",\"inLanguage\":\"en-GB\",\"@id\":\"https:\/\/cfnorge.no\/50-ars-jubileum-med-cf-foreningen-24-26-april-2026\/#primaryimage\",\"url\":\"https:\/\/cfnorge.no\/wp-content\/uploads\/2025\/09\/50-ar-med-CF-foreningen-Poster-2-scaled.png\",\"contentUrl\":\"https:\/\/cfnorge.no\/wp-content\/uploads\/2025\/09\/50-ar-med-CF-foreningen-Poster-2-scaled.png\",\"width\":1810,\"height\":2560},{\"@type\":\"BreadcrumbList\",\"@id\":\"https:\/\/cfnorge.no\/50-ars-jubileum-med-cf-foreningen-24-26-april-2026\/#breadcrumb\",\"itemListElement\":[{\"@type\":\"ListItem\",\"position\":1,\"name\":\"Hjem\",\"item\":\"https:\/\/cfnorge.no\/\"},{\"@type\":\"ListItem\",\"position\":2,\"name\":\"Meld deg p\u00e5 l\u00e6ringshelg og jubileumsfeiring 24-26.april!\"}]},{\"@type\":\"WebSite\",\"@id\":\"https:\/\/cfnorge.no\/#website\",\"url\":\"https:\/\/cfnorge.no\/\",\"name\":\"CF Norge\",\"description\":\"\",\"publisher\":{\"@id\":\"https:\/\/cfnorge.no\/#organization\"},\"potentialAction\":[{\"@type\":\"SearchAction\",\"target\":{\"@type\":\"EntryPoint\",\"urlTemplate\":\"https:\/\/cfnorge.no\/?s={search_term_string}\"},\"query-input\":{\"@type\":\"PropertyValueSpecification\",\"valueRequired\":true,\"valueName\":\"search_term_string\"}}],\"inLanguage\":\"en-GB\"},{\"@type\":\"Organization\",\"@id\":\"https:\/\/cfnorge.no\/#organization\",\"name\":\"CF Norge\",\"url\":\"https:\/\/cfnorge.no\/\",\"logo\":{\"@type\":\"ImageObject\",\"inLanguage\":\"en-GB\",\"@id\":\"https:\/\/cfnorge.no\/#\/schema\/logo\/image\/\",\"url\":\"https:\/\/cfnorge.no\/wp-content\/uploads\/2024\/06\/CF-Horisontal-logo-2.png\",\"contentUrl\":\"https:\/\/cfnorge.no\/wp-content\/uploads\/2024\/06\/CF-Horisontal-logo-2.png\",\"width\":12334,\"height\":3827,\"caption\":\"CF Norge\"},\"image\":{\"@id\":\"https:\/\/cfnorge.no\/#\/schema\/logo\/image\/\"}},{\"@type\":\"Person\",\"@id\":\"https:\/\/cfnorge.no\/#\/schema\/person\/923842d8e67794feac05bf046529d5c2\",\"name\":\"CFNorge\",\"image\":{\"@type\":\"ImageObject\",\"inLanguage\":\"en-GB\",\"@id\":\"https:\/\/cfnorge.no\/#\/schema\/person\/image\/\",\"url\":\"https:\/\/secure.gravatar.com\/avatar\/e8c2e018af16dfdb2dfc103b8e40c51373de7cf711e238e25f46bc0e92ba209d?s=96&d=mm&r=g\",\"contentUrl\":\"https:\/\/secure.gravatar.com\/avatar\/e8c2e018af16dfdb2dfc103b8e40c51373de7cf711e238e25f46bc0e92ba209d?s=96&d=mm&r=g\",\"caption\":\"CFNorge\"},\"url\":\"https:\/\/cfnorge.no\/en\/author\/cfnorge\/\"}]}<\/script>\n<!-- \/ Yoast SEO plugin. -->","yoast_head_json":{"title":"Meld deg p\u00e5 l\u00e6ringshelg og jubileumsfeiring 24-26.april! - CF Norge","description":"Gjennom de siste ti\u00e5rene har foreningen blitt et viktig samlepunkt og en sentral del av hverdagen for mange av oss","robots":{"index":"index","follow":"follow","max-snippet":"max-snippet:-1","max-image-preview":"max-image-preview:large","max-video-preview":"max-video-preview:-1"},"canonical":"https:\/\/cfnorge.no\/en\/50-ars-jubileum-med-cf-foreningen-24-26-april-2026\/","og_locale":"en_GB","og_type":"article","og_title":"Meld deg p\u00e5 l\u00e6ringshelg og jubileumsfeiring 24-26.april! - CF Norge","og_description":"Gjennom de siste ti\u00e5rene har foreningen blitt et viktig samlepunkt og en sentral del av hverdagen for mange av oss","og_url":"https:\/\/cfnorge.no\/en\/50-ars-jubileum-med-cf-foreningen-24-26-april-2026\/","og_site_name":"CF Norge","article_published_time":"2026-02-12T12:41:58+00:00","article_modified_time":"2026-02-12T14:19:32+00:00","og_image":[{"width":1810,"height":2560,"url":"https:\/\/cfnorge.no\/wp-content\/uploads\/2025\/09\/50-ar-med-CF-foreningen-Poster-2-scaled.png","type":"image\/png"}],"author":"CFNorge","twitter_card":"summary_large_image","twitter_misc":{"Written by":"CFNorge","Estimated reading time":"3 minutes"},"schema":{"@context":"https:\/\/schema.org","@graph":[{"@type":"Article","@id":"https:\/\/cfnorge.no\/50-ars-jubileum-med-cf-foreningen-24-26-april-2026\/#article","isPartOf":{"@id":"https:\/\/cfnorge.no\/50-ars-jubileum-med-cf-foreningen-24-26-april-2026\/"},"author":{"name":"CFNorge","@id":"https:\/\/cfnorge.no\/#\/schema\/person\/923842d8e67794feac05bf046529d5c2"},"headline":"Meld deg p\u00e5 l\u00e6ringshelg og jubileumsfeiring 24-26.april!","datePublished":"2026-02-12T12:41:58+00:00","dateModified":"2026-02-12T14:19:32+00:00","mainEntityOfPage":{"@id":"https:\/\/cfnorge.no\/50-ars-jubileum-med-cf-foreningen-24-26-april-2026\/"},"wordCount":1380,"publisher":{"@id":"https:\/\/cfnorge.no\/#organization"},"image":{"@id":"https:\/\/cfnorge.no\/50-ars-jubileum-med-cf-foreningen-24-26-april-2026\/#primaryimage"},"thumbnailUrl":"https:\/\/cfnorge.no\/wp-content\/uploads\/2025\/09\/50-ar-med-CF-foreningen-Poster-2-scaled.png","articleSection":["Nyheter"],"inLanguage":"en-GB"},{"@type":"WebPage","@id":"https:\/\/cfnorge.no\/50-ars-jubileum-med-cf-foreningen-24-26-april-2026\/","url":"https:\/\/cfnorge.no\/50-ars-jubileum-med-cf-foreningen-24-26-april-2026\/","name":"Meld deg p\u00e5 l\u00e6ringshelg og jubileumsfeiring 24-26.april! - CF Norge","isPartOf":{"@id":"https:\/\/cfnorge.no\/#website"},"primaryImageOfPage":{"@id":"https:\/\/cfnorge.no\/50-ars-jubileum-med-cf-foreningen-24-26-april-2026\/#primaryimage"},"image":{"@id":"https:\/\/cfnorge.no\/50-ars-jubileum-med-cf-foreningen-24-26-april-2026\/#primaryimage"},"thumbnailUrl":"https:\/\/cfnorge.no\/wp-content\/uploads\/2025\/09\/50-ar-med-CF-foreningen-Poster-2-scaled.png","datePublished":"2026-02-12T12:41:58+00:00","dateModified":"2026-02-12T14:19:32+00:00","description":"Gjennom de siste ti\u00e5rene har foreningen blitt et viktig samlepunkt og en sentral del av hverdagen for mange av oss","breadcrumb":{"@id":"https:\/\/cfnorge.no\/50-ars-jubileum-med-cf-foreningen-24-26-april-2026\/#breadcrumb"},"inLanguage":"en-GB","potentialAction":[{"@type":"ReadAction","target":["https:\/\/cfnorge.no\/50-ars-jubileum-med-cf-foreningen-24-26-april-2026\/"]}]},{"@type":"ImageObject","inLanguage":"en-GB","@id":"https:\/\/cfnorge.no\/50-ars-jubileum-med-cf-foreningen-24-26-april-2026\/#primaryimage","url":"https:\/\/cfnorge.no\/wp-content\/uploads\/2025\/09\/50-ar-med-CF-foreningen-Poster-2-scaled.png","contentUrl":"https:\/\/cfnorge.no\/wp-content\/uploads\/2025\/09\/50-ar-med-CF-foreningen-Poster-2-scaled.png","width":1810,"height":2560},{"@type":"BreadcrumbList","@id":"https:\/\/cfnorge.no\/50-ars-jubileum-med-cf-foreningen-24-26-april-2026\/#breadcrumb","itemListElement":[{"@type":"ListItem","position":1,"name":"Hjem","item":"https:\/\/cfnorge.no\/"},{"@type":"ListItem","position":2,"name":"Meld deg p\u00e5 l\u00e6ringshelg og jubileumsfeiring 24-26.april!"}]},{"@type":"WebSite","@id":"https:\/\/cfnorge.no\/#website","url":"https:\/\/cfnorge.no\/","name":"CF Norge","description":"","publisher":{"@id":"https:\/\/cfnorge.no\/#organization"},"potentialAction":[{"@type":"SearchAction","target":{"@type":"EntryPoint","urlTemplate":"https:\/\/cfnorge.no\/?s={search_term_string}"},"query-input":{"@type":"PropertyValueSpecification","valueRequired":true,"valueName":"search_term_string"}}],"inLanguage":"en-GB"},{"@type":"Organization","@id":"https:\/\/cfnorge.no\/#organization","name":"CF Norge","url":"https:\/\/cfnorge.no\/","logo":{"@type":"ImageObject","inLanguage":"en-GB","@id":"https:\/\/cfnorge.no\/#\/schema\/logo\/image\/","url":"https:\/\/cfnorge.no\/wp-content\/uploads\/2024\/06\/CF-Horisontal-logo-2.png","contentUrl":"https:\/\/cfnorge.no\/wp-content\/uploads\/2024\/06\/CF-Horisontal-logo-2.png","width":12334,"height":3827,"caption":"CF Norge"},"image":{"@id":"https:\/\/cfnorge.no\/#\/schema\/logo\/image\/"}},{"@type":"Person","@id":"https:\/\/cfnorge.no\/#\/schema\/person\/923842d8e67794feac05bf046529d5c2","name":"CFNorge","image":{"@type":"ImageObject","inLanguage":"en-GB","@id":"https:\/\/cfnorge.no\/#\/schema\/person\/image\/","url":"https:\/\/secure.gravatar.com\/avatar\/e8c2e018af16dfdb2dfc103b8e40c51373de7cf711e238e25f46bc0e92ba209d?s=96&d=mm&r=g","contentUrl":"https:\/\/secure.gravatar.com\/avatar\/e8c2e018af16dfdb2dfc103b8e40c51373de7cf711e238e25f46bc0e92ba209d?s=96&d=mm&r=g","caption":"CFNorge"},"url":"https:\/\/cfnorge.no\/en\/author\/cfnorge\/"}]}},"_links":{"self":[{"href":"https:\/\/cfnorge.no\/en\/wp-json\/wp\/v2\/posts\/2348","targetHints":{"allow":["GET"]}}],"collection":[{"href":"https:\/\/cfnorge.no\/en\/wp-json\/wp\/v2\/posts"}],"about":[{"href":"https:\/\/cfnorge.no\/en\/wp-json\/wp\/v2\/types\/post"}],"author":[{"embeddable":true,"href":"https:\/\/cfnorge.no\/en\/wp-json\/wp\/v2\/users\/6"}],"replies":[{"embeddable":true,"href":"https:\/\/cfnorge.no\/en\/wp-json\/wp\/v2\/comments?post=2348"}],"version-history":[{"count":14,"href":"https:\/\/cfnorge.no\/en\/wp-json\/wp\/v2\/posts\/2348\/revisions"}],"predecessor-version":[{"id":2727,"href":"https:\/\/cfnorge.no\/en\/wp-json\/wp\/v2\/posts\/2348\/revisions\/2727"}],"wp:featuredmedia":[{"embeddable":true,"href":"https:\/\/cfnorge.no\/en\/wp-json\/wp\/v2\/media\/2351"}],"wp:attachment":[{"href":"https:\/\/cfnorge.no\/en\/wp-json\/wp\/v2\/media?parent=2348"}],"wp:term":[{"taxonomy":"category","embeddable":true,"href":"https:\/\/cfnorge.no\/en\/wp-json\/wp\/v2\/categories?post=2348"},{"taxonomy":"post_tag","embeddable":true,"href":"https:\/\/cfnorge.no\/en\/wp-json\/wp\/v2\/tags?post=2348"}],"curies":[{"name":"wp","href":"https:\/\/api.w.org\/{rel}","templated":true}]}}