{"id":2772,"date":"2026-03-09T09:58:47","date_gmt":"2026-03-09T08:58:47","guid":{"rendered":"https:\/\/cfnorge.no\/?p=2772"},"modified":"2026-03-09T10:29:40","modified_gmt":"2026-03-09T09:29:40","slug":"isabella-13-mottok-ekstra-gode-dager-i-februar","status":"publish","type":"post","link":"https:\/\/cfnorge.no\/en\/isabella-13-mottok-ekstra-gode-dager-i-februar\/","title":{"rendered":"Isabella (13)  mottok &raquo;Ekstra gode dager&raquo; i februar"},"content":{"rendered":"<p>[et_pb_section fb_built=&raquo;1&#8243; _builder_version=&raquo;4.21.0&#8243; _module_preset=&raquo;default&raquo; background_color=&raquo;gcid-9e2f3af2-1007-4221-b250-8e35d98c5991&#8243; custom_margin=&raquo;0px||-65px||false|false&raquo; custom_padding=&raquo;0px||||false|false&raquo; global_colors_info=&raquo;{%22gcid-9e2f3af2-1007-4221-b250-8e35d98c5991%22:%91%22background_color%22%93}&raquo;][et_pb_row _builder_version=&raquo;4.21.0&#8243; _module_preset=&raquo;default&raquo; max_width=&raquo;900px&raquo; module_alignment=&raquo;center&raquo; custom_margin=&raquo;|737px||92px||&raquo; global_colors_info=&raquo;{}&raquo;][et_pb_column type=&raquo;4_4&#8243; _builder_version=&raquo;4.21.0&#8243; _module_preset=&raquo;default&raquo; global_colors_info=&raquo;{}&raquo;][et_pb_button button_url=&raquo;@ET-DC@eyJkeW5hbWljIjp0cnVlLCJjb250ZW50IjoicG9zdF9saW5rX3VybF9wYWdlIiwic2V0dGluZ3MiOnsicG9zdF9pZCI6IjI1NSJ9fQ==@&raquo; button_text=&raquo;Tilbake&raquo; _builder_version=&raquo;4.21.0&#8243; _dynamic_attributes=&raquo;button_url&raquo; _module_preset=&raquo;default&raquo; custom_button=&raquo;on&raquo; button_text_size=&raquo;18px&raquo; button_text_color=&raquo;gcid-edcc47c2-e936-4ba2-8e6c-8ca8cb2c2a05&#8243; button_bg_color=&raquo;gcid-9e2f3af2-1007-4221-b250-8e35d98c5991&#8243; button_border_width=&raquo;0px&raquo; button_border_color=&raquo;gcid-9e2f3af2-1007-4221-b250-8e35d98c5991&#8243; button_border_radius=&raquo;0px&raquo; button_font=&raquo;Poppins||||||||&raquo; button_icon=&raquo;&#x23;||divi||400&#8243; button_icon_placement=&raquo;left&raquo; button_on_hover=&raquo;off&raquo; custom_margin=&raquo;||20px||false|false&raquo; custom_padding=&raquo;||||false|false&raquo; global_colors_info=&raquo;{%22gcid-edcc47c2-e936-4ba2-8e6c-8ca8cb2c2a05%22:%91%22button_text_color%22%93,%22gcid-9e2f3af2-1007-4221-b250-8e35d98c5991%22:%91%22button_border_color%22,%22button_bg_color%22%93}&raquo;][\/et_pb_button][et_pb_text _builder_version=&raquo;4.21.0&#8243; _module_preset=&raquo;default&raquo; header_font=&raquo;Poppins|600|||||||&raquo; header_text_color=&raquo;gcid-26e97d0d-b127-4ce1-b597-0df3fb01df24&#8243; custom_margin=&raquo;0px||0px||false|false&raquo; custom_padding=&raquo;0px||0px||false|false&raquo; locked=&raquo;off&raquo; global_colors_info=&raquo;{%22gcid-26e97d0d-b127-4ce1-b597-0df3fb01df24%22:%91%22header_text_color%22%93}&raquo;]<\/p>\n<h1><span data-olk-copy-source=\"MessageBody\">Vindtunnel med venner &#8211; Isabella fikk tildelinger fra \u00abEkstra gode dager\u00bb i februar!<\/span><\/h1>\n<p>&nbsp;<\/p>\n<p><em>I forbindelse med NFCF sitt 50-\u00e5rsjubileum i 2026 har vi lansert \u00abEkstra gode dager\u00bb, som er en utvidelse av trivselsmidlene hvor vi vil dele ut tildelinger pr. m\u00e5ned gjennom hele \u00e5ret, til tiltak som er med p\u00e5 \u00e5 \u00f8ke medlemmers trivsel.\u00a0<\/em><\/p>\n<p>[\/et_pb_text][et_pb_text _builder_version=&raquo;4.21.0&#8243; _module_preset=&raquo;default&raquo; header_font=&raquo;Poppins|600|||||||&raquo; header_text_color=&raquo;gcid-26e97d0d-b127-4ce1-b597-0df3fb01df24&#8243; custom_margin=&raquo;0px||0px||false|false&raquo; custom_padding=&raquo;0px||0px||false|false&raquo; locked=&raquo;off&raquo; global_colors_info=&raquo;{%22gcid-26e97d0d-b127-4ce1-b597-0df3fb01df24%22:%91%22header_text_color%22%93}&raquo;]<\/p>\n<h1><\/h1>\n<p>[\/et_pb_text][\/et_pb_column][\/et_pb_row][\/et_pb_section][et_pb_section fb_built=&raquo;1&#8243; _builder_version=&raquo;4.21.0&#8243; _module_preset=&raquo;default&raquo; global_colors_info=&raquo;{}&raquo;][et_pb_row column_structure=&raquo;3_5,2_5&#8243; _builder_version=&raquo;4.21.0&#8243; _module_preset=&raquo;default&raquo; global_colors_info=&raquo;{}&raquo;][et_pb_column type=&raquo;3_5&#8243; _builder_version=&raquo;4.21.0&#8243; _module_preset=&raquo;default&raquo; global_colors_info=&raquo;{}&raquo;][et_pb_text _builder_version=&raquo;4.21.0&#8243; _module_preset=&raquo;default&raquo; header_font=&raquo;Poppins|600|||||||&raquo; header_text_color=&raquo;gcid-26e97d0d-b127-4ce1-b597-0df3fb01df24&#8243; custom_margin=&raquo;0px||0px||false|false&raquo; custom_padding=&raquo;0px||0px||false|false&raquo; locked=&raquo;off&raquo; global_colors_info=&raquo;{%22gcid-26e97d0d-b127-4ce1-b597-0df3fb01df24%22:%91%22header_text_color%22%93}&raquo;]<\/p>\n<h1><span data-olk-copy-source=\"MessageBody\">Isabella<\/span><\/h1>\n<p>[\/et_pb_text][et_pb_text _builder_version=&raquo;4.21.0&#8243; _module_preset=&raquo;default&raquo; hover_enabled=&raquo;0&#8243; global_colors_info=&raquo;{}&raquo; sticky_enabled=&raquo;0&#8243;]<\/p>\n<div class=\"x_elementToProof\"><em>Isabella, (her avbildet p\u00e5 hytta i vinterferien), var den heldige mottakeren av \u00abEkstra gode dager\u00bb i februar. Vi tok en prat med henne via sin mor.\u00a0<\/em><\/div>\n<div class=\"x_elementToProof\"><em><\/em><\/div>\n<div class=\"x_elementToProof\">\n<p dir=\"auto\"><strong>Gratulerer med tildelingen, Isabella! Hva skal du bruke pengene p\u00e5?<\/strong> \u00abPengene skal brukes p\u00e5 Flytribe p\u00e5 Gardermoen \u2013 Nordens ledende vindtunnel. Jeg ble syk da vi hadde planlagt dette sammen med vennene mine i sommer. Alle andre dro, mens jeg m\u00e5tte v\u00e6re hjemme. N\u00e5 vil jeg ta med vennene dit p\u00e5 nytt, slik at jeg endelig f\u00e5r oppleve det sammen med dem.\u00bb<\/p>\n<p dir=\"auto\"><strong>Hvorfor valgte du akkurat dette form\u00e5let?<\/strong> \u00abJeg valgte dette fordi det var s\u00e5 kjipt \u00e5 g\u00e5 glipp av turen sist sommer. Det var noe vi hadde gledet oss til sammen, og n\u00e5 vil jeg f\u00e5 den opplevelsen med vennene mine likevel.\u00bb<\/p>\n<p dir=\"auto\"><strong>Hva har NFCF betydd for deg s\u00e5 langt?<\/strong> \u00abNFCF er helt nytt for meg \u2013 jeg fikk diagnosen for bare 1,5 \u00e5r siden. Men n\u00e5 har vi meldt oss p\u00e5 L\u00e6ringshelgen i april, og jeg gleder meg til \u00e5 m\u00f8te flere som er i samme situasjon som meg.\u00bb<\/p>\n<p dir=\"auto\"><strong>Hva gleder du deg til i fremtiden?<\/strong> \u00abJeg gleder meg masse til turen til Italia i sommer! Da vet jeg mye mer om sykdommen min, s\u00e5 denne gangen holder jeg meg unna bassengene og bader i sj\u00f8en i stedet. Kanskje blir dette f\u00f8rste gangen i livet jeg er frisk n\u00e5r jeg er i syden \u2013 og n\u00e5r jeg kommer hjem igjen!\u00bb<\/p>\n<\/div>\n<p>[\/et_pb_text][\/et_pb_column][et_pb_column type=&raquo;2_5&#8243; _builder_version=&raquo;4.21.0&#8243; _module_preset=&raquo;default&raquo; global_colors_info=&raquo;{}&raquo;][et_pb_image src=&raquo;https:\/\/cfnorge.no\/wp-content\/uploads\/2026\/03\/Isabella-gledesdager.jpeg&raquo; title_text=&raquo;Isabella gledesdager&raquo; _builder_version=&raquo;4.21.0&#8243; _module_preset=&raquo;default&raquo; global_colors_info=&raquo;{}&raquo;][\/et_pb_image][\/et_pb_column][\/et_pb_row][\/et_pb_section]<\/p>","protected":false},"excerpt":{"rendered":"<p>Vi i Norsk forening for cystisk fibrose, er stolte og glade over \u00e5 presentere v\u00e5re nye brosjyrer om cystisk fibrose. De betydelige fremskrittene innen cf-behandlingen i Norge i de siste \u00e5rene har f\u00f8rst med seg en behov for fornyselse av v\u00e5rt informasjonsmateriell. Mange av v\u00e5re medlemmer opplever n\u00e5 en ny hverdag, og det er viktig at dette reflekteres i informasjonen vi deler.<\/p>\n<p>Derfor har vi utviklet en ny, helhetlig brosjyre kalt \u00ab\u00c5 leve med CF\u00bb. Den dekker de fleste aspekter i livet med CF, fra medisinsk informasjon til st\u00f8tte for ulike livsfaser og informasjon til p\u00e5r\u00f8rende. Brosjyren er tilgjengelig p\u00e5 b\u00e5de norsk og engelsk. I tillegg tilbyr vi mindre, temaspesifikke brosjyrer som fokuserer p\u00e5 enkeltemner og kan brukes separat ved behov.<\/p>\n<p>Vi h\u00e5per CF-brosjyrene, som du kan laste ned digitalt under, kan v\u00e6re en verdifull ressurs for v\u00e5re medlemmer, eller andre som \u00f8nsker mer informasjon om livet med cystisk fibrose.<\/p>","protected":false},"author":6,"featured_media":2774,"comment_status":"closed","ping_status":"closed","sticky":false,"template":"","format":"standard","meta":{"_et_pb_use_builder":"on","_et_pb_old_content":"","_et_gb_content_width":"","footnotes":""},"categories":[39],"tags":[],"class_list":["post-2772","post","type-post","status-publish","format-standard","has-post-thumbnail","hentry","category-nyheter"],"yoast_head":"<!-- This site is optimized with the Yoast SEO plugin v26.2 - https:\/\/yoast.com\/wordpress\/plugins\/seo\/ -->\n<title>Isabella (13) mottok &#039;&#039;Ekstra gode dager&#039;&#039; i februar - CF Norge<\/title>\n<meta name=\"description\" content=\"Isabella p\u00e5 13 ble den heldige vinneren av &#039;&#039;Ekstra gode dager&#039;&#039; i februar. Hun skal ta med vennene sine p\u00e5 vindtunnel!\" \/>\n<meta name=\"robots\" content=\"index, follow, max-snippet:-1, max-image-preview:large, max-video-preview:-1\" \/>\n<link rel=\"canonical\" href=\"https:\/\/cfnorge.no\/en\/isabella-13-mottok-ekstra-gode-dager-i-februar\/\" \/>\n<meta property=\"og:locale\" content=\"en_GB\" \/>\n<meta property=\"og:type\" content=\"article\" \/>\n<meta property=\"og:title\" content=\"Isabella (13) mottok &#039;&#039;Ekstra gode dager&#039;&#039; i februar - CF Norge\" \/>\n<meta property=\"og:description\" content=\"Isabella p\u00e5 13 ble den heldige vinneren av &#039;&#039;Ekstra gode dager&#039;&#039; i februar. Hun skal ta med vennene sine p\u00e5 vindtunnel!\" \/>\n<meta property=\"og:url\" content=\"https:\/\/cfnorge.no\/en\/isabella-13-mottok-ekstra-gode-dager-i-februar\/\" \/>\n<meta property=\"og:site_name\" content=\"CF Norge\" \/>\n<meta property=\"article:published_time\" content=\"2026-03-09T08:58:47+00:00\" \/>\n<meta property=\"article:modified_time\" content=\"2026-03-09T09:29:40+00:00\" \/>\n<meta property=\"og:image\" content=\"https:\/\/cfnorge.no\/wp-content\/uploads\/2026\/03\/Isabella-gledesdager.jpeg\" \/>\n\t<meta property=\"og:image:width\" content=\"1440\" \/>\n\t<meta property=\"og:image:height\" content=\"1920\" \/>\n\t<meta property=\"og:image:type\" content=\"image\/jpeg\" \/>\n<meta name=\"author\" content=\"CFNorge\" \/>\n<meta name=\"twitter:card\" content=\"summary_large_image\" \/>\n<meta name=\"twitter:label1\" content=\"Written by\" \/>\n\t<meta name=\"twitter:data1\" content=\"CFNorge\" \/>\n\t<meta name=\"twitter:label2\" content=\"Estimated reading time\" \/>\n\t<meta name=\"twitter:data2\" content=\"2 minutes\" \/>\n<script type=\"application\/ld+json\" class=\"yoast-schema-graph\">{\"@context\":\"https:\/\/schema.org\",\"@graph\":[{\"@type\":\"Article\",\"@id\":\"https:\/\/cfnorge.no\/isabella-13-mottok-ekstra-gode-dager-i-februar\/#article\",\"isPartOf\":{\"@id\":\"https:\/\/cfnorge.no\/isabella-13-mottok-ekstra-gode-dager-i-februar\/\"},\"author\":{\"name\":\"CFNorge\",\"@id\":\"https:\/\/cfnorge.no\/#\/schema\/person\/923842d8e67794feac05bf046529d5c2\"},\"headline\":\"Isabella (13) mottok &raquo;Ekstra gode dager&raquo; i februar\",\"datePublished\":\"2026-03-09T08:58:47+00:00\",\"dateModified\":\"2026-03-09T09:29:40+00:00\",\"mainEntityOfPage\":{\"@id\":\"https:\/\/cfnorge.no\/isabella-13-mottok-ekstra-gode-dager-i-februar\/\"},\"wordCount\":837,\"publisher\":{\"@id\":\"https:\/\/cfnorge.no\/#organization\"},\"image\":{\"@id\":\"https:\/\/cfnorge.no\/isabella-13-mottok-ekstra-gode-dager-i-februar\/#primaryimage\"},\"thumbnailUrl\":\"https:\/\/cfnorge.no\/wp-content\/uploads\/2026\/03\/Isabella-gledesdager.jpeg\",\"articleSection\":[\"Nyheter\"],\"inLanguage\":\"en-GB\"},{\"@type\":\"WebPage\",\"@id\":\"https:\/\/cfnorge.no\/isabella-13-mottok-ekstra-gode-dager-i-februar\/\",\"url\":\"https:\/\/cfnorge.no\/isabella-13-mottok-ekstra-gode-dager-i-februar\/\",\"name\":\"Isabella (13) mottok ''Ekstra gode dager'' i februar - CF Norge\",\"isPartOf\":{\"@id\":\"https:\/\/cfnorge.no\/#website\"},\"primaryImageOfPage\":{\"@id\":\"https:\/\/cfnorge.no\/isabella-13-mottok-ekstra-gode-dager-i-februar\/#primaryimage\"},\"image\":{\"@id\":\"https:\/\/cfnorge.no\/isabella-13-mottok-ekstra-gode-dager-i-februar\/#primaryimage\"},\"thumbnailUrl\":\"https:\/\/cfnorge.no\/wp-content\/uploads\/2026\/03\/Isabella-gledesdager.jpeg\",\"datePublished\":\"2026-03-09T08:58:47+00:00\",\"dateModified\":\"2026-03-09T09:29:40+00:00\",\"description\":\"Isabella p\u00e5 13 ble den heldige vinneren av ''Ekstra gode dager'' i februar. Hun skal ta med vennene sine p\u00e5 vindtunnel!\",\"breadcrumb\":{\"@id\":\"https:\/\/cfnorge.no\/isabella-13-mottok-ekstra-gode-dager-i-februar\/#breadcrumb\"},\"inLanguage\":\"en-GB\",\"potentialAction\":[{\"@type\":\"ReadAction\",\"target\":[\"https:\/\/cfnorge.no\/isabella-13-mottok-ekstra-gode-dager-i-februar\/\"]}]},{\"@type\":\"ImageObject\",\"inLanguage\":\"en-GB\",\"@id\":\"https:\/\/cfnorge.no\/isabella-13-mottok-ekstra-gode-dager-i-februar\/#primaryimage\",\"url\":\"https:\/\/cfnorge.no\/wp-content\/uploads\/2026\/03\/Isabella-gledesdager.jpeg\",\"contentUrl\":\"https:\/\/cfnorge.no\/wp-content\/uploads\/2026\/03\/Isabella-gledesdager.jpeg\",\"width\":1440,\"height\":1920},{\"@type\":\"BreadcrumbList\",\"@id\":\"https:\/\/cfnorge.no\/isabella-13-mottok-ekstra-gode-dager-i-februar\/#breadcrumb\",\"itemListElement\":[{\"@type\":\"ListItem\",\"position\":1,\"name\":\"Hjem\",\"item\":\"https:\/\/cfnorge.no\/\"},{\"@type\":\"ListItem\",\"position\":2,\"name\":\"Isabella (13) mottok &raquo;Ekstra gode dager&raquo; i februar\"}]},{\"@type\":\"WebSite\",\"@id\":\"https:\/\/cfnorge.no\/#website\",\"url\":\"https:\/\/cfnorge.no\/\",\"name\":\"CF Norge\",\"description\":\"\",\"publisher\":{\"@id\":\"https:\/\/cfnorge.no\/#organization\"},\"potentialAction\":[{\"@type\":\"SearchAction\",\"target\":{\"@type\":\"EntryPoint\",\"urlTemplate\":\"https:\/\/cfnorge.no\/?s={search_term_string}\"},\"query-input\":{\"@type\":\"PropertyValueSpecification\",\"valueRequired\":true,\"valueName\":\"search_term_string\"}}],\"inLanguage\":\"en-GB\"},{\"@type\":\"Organization\",\"@id\":\"https:\/\/cfnorge.no\/#organization\",\"name\":\"CF Norge\",\"url\":\"https:\/\/cfnorge.no\/\",\"logo\":{\"@type\":\"ImageObject\",\"inLanguage\":\"en-GB\",\"@id\":\"https:\/\/cfnorge.no\/#\/schema\/logo\/image\/\",\"url\":\"https:\/\/cfnorge.no\/wp-content\/uploads\/2024\/06\/CF-Horisontal-logo-2.png\",\"contentUrl\":\"https:\/\/cfnorge.no\/wp-content\/uploads\/2024\/06\/CF-Horisontal-logo-2.png\",\"width\":12334,\"height\":3827,\"caption\":\"CF Norge\"},\"image\":{\"@id\":\"https:\/\/cfnorge.no\/#\/schema\/logo\/image\/\"}},{\"@type\":\"Person\",\"@id\":\"https:\/\/cfnorge.no\/#\/schema\/person\/923842d8e67794feac05bf046529d5c2\",\"name\":\"CFNorge\",\"image\":{\"@type\":\"ImageObject\",\"inLanguage\":\"en-GB\",\"@id\":\"https:\/\/cfnorge.no\/#\/schema\/person\/image\/\",\"url\":\"https:\/\/secure.gravatar.com\/avatar\/e8c2e018af16dfdb2dfc103b8e40c51373de7cf711e238e25f46bc0e92ba209d?s=96&d=mm&r=g\",\"contentUrl\":\"https:\/\/secure.gravatar.com\/avatar\/e8c2e018af16dfdb2dfc103b8e40c51373de7cf711e238e25f46bc0e92ba209d?s=96&d=mm&r=g\",\"caption\":\"CFNorge\"},\"url\":\"https:\/\/cfnorge.no\/en\/author\/cfnorge\/\"}]}<\/script>\n<!-- \/ Yoast SEO plugin. -->","yoast_head_json":{"title":"Isabella (13) mottok ''Ekstra gode dager'' i februar - CF Norge","description":"Isabella p\u00e5 13 ble den heldige vinneren av ''Ekstra gode dager'' i februar. Hun skal ta med vennene sine p\u00e5 vindtunnel!","robots":{"index":"index","follow":"follow","max-snippet":"max-snippet:-1","max-image-preview":"max-image-preview:large","max-video-preview":"max-video-preview:-1"},"canonical":"https:\/\/cfnorge.no\/en\/isabella-13-mottok-ekstra-gode-dager-i-februar\/","og_locale":"en_GB","og_type":"article","og_title":"Isabella (13) mottok ''Ekstra gode dager'' i februar - CF Norge","og_description":"Isabella p\u00e5 13 ble den heldige vinneren av ''Ekstra gode dager'' i februar. Hun skal ta med vennene sine p\u00e5 vindtunnel!","og_url":"https:\/\/cfnorge.no\/en\/isabella-13-mottok-ekstra-gode-dager-i-februar\/","og_site_name":"CF Norge","article_published_time":"2026-03-09T08:58:47+00:00","article_modified_time":"2026-03-09T09:29:40+00:00","og_image":[{"width":1440,"height":1920,"url":"https:\/\/cfnorge.no\/wp-content\/uploads\/2026\/03\/Isabella-gledesdager.jpeg","type":"image\/jpeg"}],"author":"CFNorge","twitter_card":"summary_large_image","twitter_misc":{"Written by":"CFNorge","Estimated reading time":"2 minutes"},"schema":{"@context":"https:\/\/schema.org","@graph":[{"@type":"Article","@id":"https:\/\/cfnorge.no\/isabella-13-mottok-ekstra-gode-dager-i-februar\/#article","isPartOf":{"@id":"https:\/\/cfnorge.no\/isabella-13-mottok-ekstra-gode-dager-i-februar\/"},"author":{"name":"CFNorge","@id":"https:\/\/cfnorge.no\/#\/schema\/person\/923842d8e67794feac05bf046529d5c2"},"headline":"Isabella (13) mottok &raquo;Ekstra gode dager&raquo; i februar","datePublished":"2026-03-09T08:58:47+00:00","dateModified":"2026-03-09T09:29:40+00:00","mainEntityOfPage":{"@id":"https:\/\/cfnorge.no\/isabella-13-mottok-ekstra-gode-dager-i-februar\/"},"wordCount":837,"publisher":{"@id":"https:\/\/cfnorge.no\/#organization"},"image":{"@id":"https:\/\/cfnorge.no\/isabella-13-mottok-ekstra-gode-dager-i-februar\/#primaryimage"},"thumbnailUrl":"https:\/\/cfnorge.no\/wp-content\/uploads\/2026\/03\/Isabella-gledesdager.jpeg","articleSection":["Nyheter"],"inLanguage":"en-GB"},{"@type":"WebPage","@id":"https:\/\/cfnorge.no\/isabella-13-mottok-ekstra-gode-dager-i-februar\/","url":"https:\/\/cfnorge.no\/isabella-13-mottok-ekstra-gode-dager-i-februar\/","name":"Isabella (13) mottok ''Ekstra gode dager'' i februar - CF Norge","isPartOf":{"@id":"https:\/\/cfnorge.no\/#website"},"primaryImageOfPage":{"@id":"https:\/\/cfnorge.no\/isabella-13-mottok-ekstra-gode-dager-i-februar\/#primaryimage"},"image":{"@id":"https:\/\/cfnorge.no\/isabella-13-mottok-ekstra-gode-dager-i-februar\/#primaryimage"},"thumbnailUrl":"https:\/\/cfnorge.no\/wp-content\/uploads\/2026\/03\/Isabella-gledesdager.jpeg","datePublished":"2026-03-09T08:58:47+00:00","dateModified":"2026-03-09T09:29:40+00:00","description":"Isabella p\u00e5 13 ble den heldige vinneren av ''Ekstra gode dager'' i februar. Hun skal ta med vennene sine p\u00e5 vindtunnel!","breadcrumb":{"@id":"https:\/\/cfnorge.no\/isabella-13-mottok-ekstra-gode-dager-i-februar\/#breadcrumb"},"inLanguage":"en-GB","potentialAction":[{"@type":"ReadAction","target":["https:\/\/cfnorge.no\/isabella-13-mottok-ekstra-gode-dager-i-februar\/"]}]},{"@type":"ImageObject","inLanguage":"en-GB","@id":"https:\/\/cfnorge.no\/isabella-13-mottok-ekstra-gode-dager-i-februar\/#primaryimage","url":"https:\/\/cfnorge.no\/wp-content\/uploads\/2026\/03\/Isabella-gledesdager.jpeg","contentUrl":"https:\/\/cfnorge.no\/wp-content\/uploads\/2026\/03\/Isabella-gledesdager.jpeg","width":1440,"height":1920},{"@type":"BreadcrumbList","@id":"https:\/\/cfnorge.no\/isabella-13-mottok-ekstra-gode-dager-i-februar\/#breadcrumb","itemListElement":[{"@type":"ListItem","position":1,"name":"Hjem","item":"https:\/\/cfnorge.no\/"},{"@type":"ListItem","position":2,"name":"Isabella (13) mottok &raquo;Ekstra gode dager&raquo; i februar"}]},{"@type":"WebSite","@id":"https:\/\/cfnorge.no\/#website","url":"https:\/\/cfnorge.no\/","name":"CF Norge","description":"","publisher":{"@id":"https:\/\/cfnorge.no\/#organization"},"potentialAction":[{"@type":"SearchAction","target":{"@type":"EntryPoint","urlTemplate":"https:\/\/cfnorge.no\/?s={search_term_string}"},"query-input":{"@type":"PropertyValueSpecification","valueRequired":true,"valueName":"search_term_string"}}],"inLanguage":"en-GB"},{"@type":"Organization","@id":"https:\/\/cfnorge.no\/#organization","name":"CF Norge","url":"https:\/\/cfnorge.no\/","logo":{"@type":"ImageObject","inLanguage":"en-GB","@id":"https:\/\/cfnorge.no\/#\/schema\/logo\/image\/","url":"https:\/\/cfnorge.no\/wp-content\/uploads\/2024\/06\/CF-Horisontal-logo-2.png","contentUrl":"https:\/\/cfnorge.no\/wp-content\/uploads\/2024\/06\/CF-Horisontal-logo-2.png","width":12334,"height":3827,"caption":"CF Norge"},"image":{"@id":"https:\/\/cfnorge.no\/#\/schema\/logo\/image\/"}},{"@type":"Person","@id":"https:\/\/cfnorge.no\/#\/schema\/person\/923842d8e67794feac05bf046529d5c2","name":"CFNorge","image":{"@type":"ImageObject","inLanguage":"en-GB","@id":"https:\/\/cfnorge.no\/#\/schema\/person\/image\/","url":"https:\/\/secure.gravatar.com\/avatar\/e8c2e018af16dfdb2dfc103b8e40c51373de7cf711e238e25f46bc0e92ba209d?s=96&d=mm&r=g","contentUrl":"https:\/\/secure.gravatar.com\/avatar\/e8c2e018af16dfdb2dfc103b8e40c51373de7cf711e238e25f46bc0e92ba209d?s=96&d=mm&r=g","caption":"CFNorge"},"url":"https:\/\/cfnorge.no\/en\/author\/cfnorge\/"}]}},"_links":{"self":[{"href":"https:\/\/cfnorge.no\/en\/wp-json\/wp\/v2\/posts\/2772","targetHints":{"allow":["GET"]}}],"collection":[{"href":"https:\/\/cfnorge.no\/en\/wp-json\/wp\/v2\/posts"}],"about":[{"href":"https:\/\/cfnorge.no\/en\/wp-json\/wp\/v2\/types\/post"}],"author":[{"embeddable":true,"href":"https:\/\/cfnorge.no\/en\/wp-json\/wp\/v2\/users\/6"}],"replies":[{"embeddable":true,"href":"https:\/\/cfnorge.no\/en\/wp-json\/wp\/v2\/comments?post=2772"}],"version-history":[{"count":6,"href":"https:\/\/cfnorge.no\/en\/wp-json\/wp\/v2\/posts\/2772\/revisions"}],"predecessor-version":[{"id":2780,"href":"https:\/\/cfnorge.no\/en\/wp-json\/wp\/v2\/posts\/2772\/revisions\/2780"}],"wp:featuredmedia":[{"embeddable":true,"href":"https:\/\/cfnorge.no\/en\/wp-json\/wp\/v2\/media\/2774"}],"wp:attachment":[{"href":"https:\/\/cfnorge.no\/en\/wp-json\/wp\/v2\/media?parent=2772"}],"wp:term":[{"taxonomy":"category","embeddable":true,"href":"https:\/\/cfnorge.no\/en\/wp-json\/wp\/v2\/categories?post=2772"},{"taxonomy":"post_tag","embeddable":true,"href":"https:\/\/cfnorge.no\/en\/wp-json\/wp\/v2\/tags?post=2772"}],"curies":[{"name":"wp","href":"https:\/\/api.w.org\/{rel}","templated":true}]}}