{"id":2781,"date":"2026-03-10T13:21:51","date_gmt":"2026-03-10T12:21:51","guid":{"rendered":"https:\/\/cfnorge.no\/?p=2781"},"modified":"2026-03-10T13:30:05","modified_gmt":"2026-03-10T12:30:05","slug":"region-sor-ost-inviterer-alle-medlemmer-til-foldvik-familiepark-6-juni-2026","status":"publish","type":"post","link":"https:\/\/cfnorge.no\/en\/region-sor-ost-inviterer-alle-medlemmer-til-foldvik-familiepark-6-juni-2026\/","title":{"rendered":"Region S\u00f8r-\u00d8st inviterer alle medlemmer til Foldvik Familiepark &#8211; 6 juni 2026"},"content":{"rendered":"<p>[et_pb_section fb_built=&raquo;1&#8243; _builder_version=&raquo;4.21.0&#8243; _module_preset=&raquo;default&raquo; background_color=&raquo;gcid-9e2f3af2-1007-4221-b250-8e35d98c5991&#8243; custom_margin=&raquo;0px||||false|false&raquo; custom_padding=&raquo;0px||||false|false&raquo; global_colors_info=&raquo;{%22gcid-9e2f3af2-1007-4221-b250-8e35d98c5991%22:%91%22background_color%22%93}&raquo;][et_pb_row _builder_version=&raquo;4.21.0&#8243; _module_preset=&raquo;default&raquo; max_width=&raquo;900px&raquo; module_alignment=&raquo;center&raquo; custom_margin=&raquo;|auto||92px||&raquo; global_colors_info=&raquo;{}&raquo;][et_pb_column type=&raquo;4_4&#8243; _builder_version=&raquo;4.21.0&#8243; _module_preset=&raquo;default&raquo; global_colors_info=&raquo;{}&raquo;][et_pb_button button_url=&raquo;@ET-DC@eyJkeW5hbWljIjp0cnVlLCJjb250ZW50IjoicG9zdF9saW5rX3VybF9wYWdlIiwic2V0dGluZ3MiOnsicG9zdF9pZCI6IjI1NSJ9fQ==@&raquo; button_text=&raquo;Tilbake&raquo; _builder_version=&raquo;4.21.0&#8243; _dynamic_attributes=&raquo;button_url&raquo; _module_preset=&raquo;default&raquo; custom_button=&raquo;on&raquo; button_text_size=&raquo;18px&raquo; button_text_color=&raquo;gcid-edcc47c2-e936-4ba2-8e6c-8ca8cb2c2a05&#8243; button_bg_color=&raquo;gcid-9e2f3af2-1007-4221-b250-8e35d98c5991&#8243; button_border_width=&raquo;0px&raquo; button_border_color=&raquo;gcid-9e2f3af2-1007-4221-b250-8e35d98c5991&#8243; button_border_radius=&raquo;0px&raquo; button_font=&raquo;Poppins||||||||&raquo; button_icon=&raquo;&#x23;||divi||400&#8243; button_icon_placement=&raquo;left&raquo; button_on_hover=&raquo;off&raquo; custom_margin=&raquo;||20px||false|false&raquo; custom_padding=&raquo;||||false|false&raquo; global_colors_info=&raquo;{%22gcid-edcc47c2-e936-4ba2-8e6c-8ca8cb2c2a05%22:%91%22button_text_color%22%93,%22gcid-9e2f3af2-1007-4221-b250-8e35d98c5991%22:%91%22button_border_color%22,%22button_bg_color%22%93}&raquo;][\/et_pb_button][et_pb_image src=&raquo;https:\/\/cfnorge.no\/wp-content\/uploads\/2026\/03\/Foldvik-familieark.jpg&raquo; alt=&raquo;Starte p\u00e5 h\u00f8yere utdanning som kronisk syk&raquo; title_text=&raquo;Foldvik familieark&raquo; _builder_version=&raquo;4.21.0&#8243; _module_preset=&raquo;default&raquo; global_colors_info=&raquo;{}&raquo;][\/et_pb_image][et_pb_text _builder_version=&raquo;4.21.0&#8243; _module_preset=&raquo;default&raquo; header_font=&raquo;Poppins|600|||||||&raquo; header_text_color=&raquo;gcid-26e97d0d-b127-4ce1-b597-0df3fb01df24&#8243; custom_margin=&raquo;0px||0px||false|false&raquo; custom_padding=&raquo;0px||0px||false|false&raquo; locked=&raquo;off&raquo; global_colors_info=&raquo;{%22gcid-26e97d0d-b127-4ce1-b597-0df3fb01df24%22:%91%22header_text_color%22%93}&raquo;]<\/p>\n<h1 class=\"entry-title\"><span>Bli med til Foldvik Familiepark 6 juni 2026<\/span><\/h1>\n<p>[\/et_pb_text][et_pb_text admin_label=&raquo;Tekst&raquo; _builder_version=&raquo;4.21.0&#8243; _module_preset=&raquo;default&raquo; text_font=&raquo;Poppins|300|||||||&raquo; text_text_color=&raquo;gcid-26e97d0d-b127-4ce1-b597-0df3fb01df24&#8243; link_font=&raquo;Poppins|500|||||||&raquo; link_text_color=&raquo;gcid-edcc47c2-e936-4ba2-8e6c-8ca8cb2c2a05&#8243; custom_padding=&raquo;||0px|||&raquo; hover_enabled=&raquo;0&#8243; global_colors_info=&raquo;{%22gcid-26e97d0d-b127-4ce1-b597-0df3fb01df24%22:%91%22text_text_color%22%93,%22gcid-edcc47c2-e936-4ba2-8e6c-8ca8cb2c2a05%22:%91%22link_text_color%22%93}&raquo; sticky_enabled=&raquo;0&#8243;]<\/p>\n<p data-olk-copy-source=\"MessageBody\">Kj\u00e6re medlemmer i NFCF Region S\u00f8r\u2011\u00d8st,<\/p>\n<p>Vi \u00f8nsker dere hjertelig velkommen til en innholdsrik og hyggelig dag i Foldvik Familiepark l\u00f8rdag 6. juni 2026. Dette er en av \u00e5rets store familiedager, og vi gleder oss til \u00e5 samle b\u00e5de nye og kjente fjes til lek, fellesskap og gode samtaler.<\/p>\n<p><strong>Invitasjonen<\/strong> finner dere under<\/p>\n<p><span>Legg merke til retningslinjene fra NFCF fagr\u00e5d vedr. smittevern og hygiene ved foreningens samlinger \u2013 alle deltakere med CF\/Tx-CF\/PCD m\u00e5 ta\u00a0<b>ekspektoratpr\u00f8ve\/larynxaspirat 9 uker f\u00f8r arrangementstart\u00a0(pr\u00f8ve for langtidsdyrkning av mykobakterier &#8211; m\u00e5 spesifikt opplyses om dette)<\/b>. I tillegg m\u00e5 det tas pr\u00f8ve senest 2 uker f\u00f8r arrangementet. Se mer under Smittevern og hygiene i invitasjonen.\u00a0<\/span><\/p>\n<p><span><strong>P\u00e5melding<\/strong> innen 22 mai p\u00e5 e-post til: cfsorost@gmail.com<br \/>P\u00e5meldingen er bindende etter 23. mai og egenandel m\u00e5 dekkes ved forfall etter denne<br \/>datoen.<\/span><\/p>\n<p class=\"\" data-start=\"321\" data-end=\"507\">[\/et_pb_text][et_pb_toggle open=&raquo;on&raquo; open_toggle_text_color=&raquo;gcid-edcc47c2-e936-4ba2-8e6c-8ca8cb2c2a05&#8243; open_toggle_background_color=&raquo;gcid-9e2f3af2-1007-4221-b250-8e35d98c5991&#8243; closed_toggle_background_color=&raquo;gcid-9e2f3af2-1007-4221-b250-8e35d98c5991&#8243; icon_color=&raquo;gcid-edcc47c2-e936-4ba2-8e6c-8ca8cb2c2a05&#8243; toggle_icon=&raquo;&#x78;||divi||400&#8243; use_icon_font_size=&raquo;on&raquo; icon_font_size=&raquo;20px&raquo; open_icon_color=&raquo;gcid-edcc47c2-e936-4ba2-8e6c-8ca8cb2c2a05&#8243; open_toggle_icon=&raquo;&#x21;||divi||400&#8243; _builder_version=&raquo;4.21.0&#8243; _module_preset=&raquo;default&raquo; title_text_color=&raquo;gcid-edcc47c2-e936-4ba2-8e6c-8ca8cb2c2a05&#8243; title_font=&raquo;|600|||||||&raquo; body_text_color=&raquo;gcid-26e97d0d-b127-4ce1-b597-0df3fb01df24&#8243; body_link_text_color=&raquo;gcid-edcc47c2-e936-4ba2-8e6c-8ca8cb2c2a05&#8243; width=&raquo;99%&raquo; max_width=&raquo;100%&raquo; min_height=&raquo;181.6px&raquo; custom_padding=&raquo;35px||35px||false|false&raquo; hover_enabled=&raquo;0&#8243; border_width_all=&raquo;0px&raquo; box_shadow_style=&raquo;preset1&#8243; locked=&raquo;off&raquo; global_colors_info=&raquo;{%22gcid-edcc47c2-e936-4ba2-8e6c-8ca8cb2c2a05%22:%91%22icon_color%22,%22open_toggle_text_color%22,%22title_text_color%22,%22body_link_text_color%22,%22open_icon_color%22%93,%22gcid-26e97d0d-b127-4ce1-b597-0df3fb01df24%22:%91%22body_text_color%22%93,%22gcid-9e2f3af2-1007-4221-b250-8e35d98c5991%22:%91%22closed_toggle_background_color%22,%22open_toggle_background_color%22%93}&raquo; sticky_enabled=&raquo;0&#8243; background_color=&raquo;#0C71C3&#8243;]<\/p>\n<h3 data-olk-copy-source=\"MailCompose\">\u00a0<a href=\"https:\/\/cfnorge.no\/wp-content\/uploads\/2026\/03\/Foldvik-Familiepark-6.pdf\">Les invitasjonen her\u00a0<\/a><\/h3>\n<p>[\/et_pb_toggle][\/et_pb_column][\/et_pb_row][\/et_pb_section][et_pb_section fb_built=&raquo;1&#8243; module_id=&raquo;footer&raquo; module_class=&raquo;footer&raquo; _builder_version=&raquo;4.21.0&#8243; _module_preset=&raquo;default&raquo; background_color=&raquo;gcid-9e2f3af2-1007-4221-b250-8e35d98c5991&#8243; global_module=&raquo;69&#8243; saved_tabs=&raquo;all&raquo; global_colors_info=&raquo;{%22gcid-9e2f3af2-1007-4221-b250-8e35d98c5991%22:%91%22background_color%22%93}&raquo;][et_pb_row column_structure=&raquo;1_4,3_4&#8243; use_custom_gutter=&raquo;on&raquo; gutter_width=&raquo;1&#8243; disabled_on=&raquo;on|on|off&raquo; _builder_version=&raquo;4.21.0&#8243; _module_preset=&raquo;default&raquo; width=&raquo;100%&raquo; width_tablet=&raquo;90%&raquo; width_phone=&raquo;95%&raquo; width_last_edited=&raquo;on|phone&raquo; max_width=&raquo;1200px&raquo; max_width_tablet=&raquo;1200px&raquo; max_width_phone=&raquo;1200px&raquo; max_width_last_edited=&raquo;on|tablet&raquo; global_colors_info=&raquo;{}&raquo;][et_pb_column type=&raquo;1_4&#8243; _builder_version=&raquo;4.21.0&#8243; _module_preset=&raquo;default&raquo; border_color_right=&raquo;gcid-26e97d0d-b127-4ce1-b597-0df3fb01df24&#8243; global_colors_info=&raquo;{%22gcid-26e97d0d-b127-4ce1-b597-0df3fb01df24%22:%91%22border_color_right%22%93}&raquo;][et_pb_image src=&raquo;https:\/\/cfnorge.bwod.dev\/wp-content\/uploads\/2024\/03\/CF-Logo-bla.png&raquo; title_text=&raquo;CF-Logo-bla\u030a&raquo; disabled_on=&raquo;on|on|off&raquo; _builder_version=&raquo;4.21.0&#8243; _module_preset=&raquo;default&raquo; width=&raquo;35%&raquo; module_alignment=&raquo;right&raquo; custom_margin=&raquo;20px||||false|false&raquo; custom_padding=&raquo;|30px|||false|false&raquo; global_colors_info=&raquo;{}&raquo;][\/et_pb_image][\/et_pb_column][et_pb_column type=&raquo;3_4&#8243; _builder_version=&raquo;4.21.0&#8243; _module_preset=&raquo;default&raquo; border_width_left=&raquo;1px&raquo; border_color_left=&raquo;gcid-26e97d0d-b127-4ce1-b597-0df3fb01df24&#8243; global_colors_info=&raquo;{%22gcid-26e97d0d-b127-4ce1-b597-0df3fb01df24%22:%91%22border_color_left%22%93}&raquo;][et_pb_text disabled_on=&raquo;on|off|off&raquo; _builder_version=&raquo;4.21.0&#8243; _module_preset=&raquo;default&raquo; text_font=&raquo;Poppins|300|||||||&raquo; text_text_color=&raquo;gcid-26e97d0d-b127-4ce1-b597-0df3fb01df24&#8243; link_font=&raquo;|600|||||||&raquo; link_text_color=&raquo;gcid-f60bfea8-f451-489d-8bfd-27e12ee36365&#8243; header_2_text_color=&raquo;gcid-26e97d0d-b127-4ce1-b597-0df3fb01df24&#8243; header_2_font_size=&raquo;20px&raquo; custom_margin=&raquo;|0px||0px|false|false&raquo; custom_padding=&raquo;|0px||30px|false|false&raquo; global_colors_info=&raquo;{%22gcid-f60bfea8-f451-489d-8bfd-27e12ee36365%22:%91%22link_text_color%22%93,%22gcid-26e97d0d-b127-4ce1-b597-0df3fb01df24%22:%91%22text_text_color%22,%22header_2_text_color%22%93}&raquo;]<\/p>\n<h2>The Norwegian Cystic Fibrosis Association<\/h2>\n<p>Adresse: Schweigaardsgt 12, 0185 Oslo<br \/>Phone: <a href=\"tel:+47 41274151\" title=\"Phone call\">41 27 41 51<\/a>\u00a0 (kan ikke motta SMS) |\u00a0 \u00a0Epost: <a href=\"mailto:post@nfcf.no\">post@nfcf.no<\/a>\u00a0 \u00a0|   Editor: <a href=\"mailto:redaksjonen@nfcf.no\">redaksjonen@nfcf.no<\/a><\/p>\n<p>[\/et_pb_text][et_pb_button button_url=&raquo;https:\/\/cfnorge.no\/personvern\/&raquo; button_text=&raquo;Personvern&raquo; _builder_version=&raquo;4.21.0&#8243; _module_preset=&raquo;default&raquo; custom_button=&raquo;on&raquo; button_text_size=&raquo;16px&raquo; button_text_color=&raquo;#FFFFFF&raquo; button_bg_color=&raquo;gcid-edcc47c2-e936-4ba2-8e6c-8ca8cb2c2a05&#8243; button_border_width=&raquo;0px&raquo; button_border_radius=&raquo;60px&raquo; custom_margin=&raquo;20px|||30px|false|false&raquo; custom_padding=&raquo;||||false|false&raquo; global_colors_info=&raquo;{%22gcid-edcc47c2-e936-4ba2-8e6c-8ca8cb2c2a05%22:%91%22button_bg_color%22%93}&raquo;][\/et_pb_button][\/et_pb_column][\/et_pb_row][et_pb_row disabled_on=&raquo;off|off|on&raquo; _builder_version=&raquo;4.21.0&#8243; _module_preset=&raquo;default&raquo; global_colors_info=&raquo;{}&raquo;][et_pb_column type=&raquo;4_4&#8243; _builder_version=&raquo;4.21.0&#8243; _module_preset=&raquo;default&raquo; global_colors_info=&raquo;{}&raquo;][et_pb_divider color=&raquo;gcid-26e97d0d-b127-4ce1-b597-0df3fb01df24&#8243; _builder_version=&raquo;4.21.0&#8243; _module_preset=&raquo;default&raquo; width=&raquo;19%&raquo; module_alignment=&raquo;center&raquo; global_colors_info=&raquo;{%22gcid-26e97d0d-b127-4ce1-b597-0df3fb01df24%22:%91%22color%22%93}&raquo;][\/et_pb_divider][et_pb_text disabled_on=&raquo;off|off|on&raquo; _builder_version=&raquo;4.21.0&#8243; _module_preset=&raquo;default&raquo; text_font=&raquo;Poppins|300|||||||&raquo; text_text_color=&raquo;gcid-26e97d0d-b127-4ce1-b597-0df3fb01df24&#8243; link_font=&raquo;|600|||||||&raquo; link_text_color=&raquo;gcid-f60bfea8-f451-489d-8bfd-27e12ee36365&#8243; header_2_text_color=&raquo;gcid-26e97d0d-b127-4ce1-b597-0df3fb01df24&#8243; header_2_font_size=&raquo;24px&raquo; header_2_line_height=&raquo;1.2em&raquo; custom_margin=&raquo;|0px||0px|false|false&raquo; custom_padding=&raquo;|0px|||false|false&raquo; global_colors_info=&raquo;{%22gcid-f60bfea8-f451-489d-8bfd-27e12ee36365%22:%91%22link_text_color%22%93,%22gcid-26e97d0d-b127-4ce1-b597-0df3fb01df24%22:%91%22text_text_color%22,%22header_2_text_color%22%93}&raquo;]<\/p>\n<h2 style=\"text-align: center;\">The Norwegian Cystic Fibrosis Association<\/h2>\n<p style=\"text-align: center;\">Address: Schweigaardsgt 12, 0134 Oslo<br \/>Phone: <a href=\"tel:+47 41274151\" title=\"Phone call\">41 27 41 51<\/a><br \/>E-mail: <a href=\"mailto:post@nfcf.no\">post@nfcf.no<\/a><br \/>Editor: <a href=\"mailto:redaksjonen@nfcf.no\">redaksjonen@nfcf.no<\/a><\/p>\n<p>[\/et_pb_text][et_pb_button button_url=&raquo;https:\/\/cfnorge.no\/personvern\/&raquo; button_text=&raquo;Personvern&raquo; button_alignment=&raquo;center&raquo; _builder_version=&raquo;4.21.0&#8243; _module_preset=&raquo;default&raquo; custom_button=&raquo;on&raquo; button_text_size=&raquo;16px&raquo; button_text_color=&raquo;#FFFFFF&raquo; button_bg_color=&raquo;gcid-edcc47c2-e936-4ba2-8e6c-8ca8cb2c2a05&#8243; button_border_width=&raquo;0px&raquo; button_border_radius=&raquo;60px&raquo; custom_margin=&raquo;20px||||false|false&raquo; custom_padding=&raquo;||||false|false&raquo; global_colors_info=&raquo;{%22gcid-edcc47c2-e936-4ba2-8e6c-8ca8cb2c2a05%22:%91%22button_bg_color%22%93}&raquo;][\/et_pb_button][\/et_pb_column][\/et_pb_row][\/et_pb_section]<\/p>","protected":false},"excerpt":{"rendered":"<p>NFCF inviterer herved alle medlemmer til digitalt \u00e5rsm\u00f8te tirsdag 29. april 2025 kl. 20.00. M\u00f8tet gjennomf\u00f8res p\u00e5 Teams.<\/p>\n<p>Saksliste og saksdokumenter finner du nedenfor, under \u00bb\u00e5rsm\u00f8tedokumenter 2025\u00bb. <\/p>\n<p>Alle medlemmer har rett til \u00e5 delta p\u00e5 m\u00f8tet. P\u00e5melding skjer ved \u00e5 regsitrere seg via lenken under: <\/p>","protected":false},"author":6,"featured_media":2788,"comment_status":"closed","ping_status":"closed","sticky":false,"template":"","format":"standard","meta":{"_et_pb_use_builder":"on","_et_pb_old_content":"","_et_gb_content_width":"","footnotes":""},"categories":[39],"tags":[],"class_list":["post-2781","post","type-post","status-publish","format-standard","has-post-thumbnail","hentry","category-nyheter"],"yoast_head":"<!-- This site is optimized with the Yoast SEO plugin v26.2 - https:\/\/yoast.com\/wordpress\/plugins\/seo\/ -->\n<title>Region S\u00f8r-\u00d8st inviterer alle medlemmer til Foldvik Familiepark - 6 juni 2026 - CF Norge<\/title>\n<meta name=\"description\" content=\"Bli med p\u00e5 tidenes dag i Foldvik familiepark, sammen med region S\u00f8r-\u00d8st!\" \/>\n<meta name=\"robots\" content=\"index, follow, max-snippet:-1, max-image-preview:large, max-video-preview:-1\" \/>\n<link rel=\"canonical\" href=\"https:\/\/cfnorge.no\/en\/region-sor-ost-inviterer-alle-medlemmer-til-foldvik-familiepark-6-juni-2026\/\" \/>\n<meta property=\"og:locale\" content=\"en_GB\" \/>\n<meta property=\"og:type\" content=\"article\" \/>\n<meta property=\"og:title\" content=\"Region S\u00f8r-\u00d8st inviterer alle medlemmer til Foldvik Familiepark - 6 juni 2026 - CF Norge\" \/>\n<meta property=\"og:description\" content=\"Bli med p\u00e5 tidenes dag i Foldvik familiepark, sammen med region S\u00f8r-\u00d8st!\" \/>\n<meta property=\"og:url\" content=\"https:\/\/cfnorge.no\/en\/region-sor-ost-inviterer-alle-medlemmer-til-foldvik-familiepark-6-juni-2026\/\" \/>\n<meta property=\"og:site_name\" content=\"CF Norge\" \/>\n<meta property=\"article:published_time\" content=\"2026-03-10T12:21:51+00:00\" \/>\n<meta property=\"article:modified_time\" content=\"2026-03-10T12:30:05+00:00\" \/>\n<meta property=\"og:image\" content=\"https:\/\/cfnorge.no\/wp-content\/uploads\/2026\/03\/Foldvik-familieark.jpg\" \/>\n\t<meta property=\"og:image:width\" content=\"2048\" \/>\n\t<meta property=\"og:image:height\" content=\"1331\" \/>\n\t<meta property=\"og:image:type\" content=\"image\/jpeg\" \/>\n<meta name=\"author\" content=\"CFNorge\" \/>\n<meta name=\"twitter:card\" content=\"summary_large_image\" \/>\n<meta name=\"twitter:label1\" content=\"Written by\" \/>\n\t<meta name=\"twitter:data1\" content=\"CFNorge\" \/>\n\t<meta name=\"twitter:label2\" content=\"Estimated reading time\" \/>\n\t<meta name=\"twitter:data2\" content=\"2 minutes\" \/>\n<script type=\"application\/ld+json\" class=\"yoast-schema-graph\">{\"@context\":\"https:\/\/schema.org\",\"@graph\":[{\"@type\":\"Article\",\"@id\":\"https:\/\/cfnorge.no\/region-sor-ost-inviterer-alle-medlemmer-til-foldvik-familiepark-6-juni-2026\/#article\",\"isPartOf\":{\"@id\":\"https:\/\/cfnorge.no\/region-sor-ost-inviterer-alle-medlemmer-til-foldvik-familiepark-6-juni-2026\/\"},\"author\":{\"name\":\"CFNorge\",\"@id\":\"https:\/\/cfnorge.no\/#\/schema\/person\/923842d8e67794feac05bf046529d5c2\"},\"headline\":\"Region S\u00f8r-\u00d8st inviterer alle medlemmer til Foldvik Familiepark &#8211; 6 juni 2026\",\"datePublished\":\"2026-03-10T12:21:51+00:00\",\"dateModified\":\"2026-03-10T12:30:05+00:00\",\"mainEntityOfPage\":{\"@id\":\"https:\/\/cfnorge.no\/region-sor-ost-inviterer-alle-medlemmer-til-foldvik-familiepark-6-juni-2026\/\"},\"wordCount\":1574,\"publisher\":{\"@id\":\"https:\/\/cfnorge.no\/#organization\"},\"image\":{\"@id\":\"https:\/\/cfnorge.no\/region-sor-ost-inviterer-alle-medlemmer-til-foldvik-familiepark-6-juni-2026\/#primaryimage\"},\"thumbnailUrl\":\"https:\/\/cfnorge.no\/wp-content\/uploads\/2026\/03\/Foldvik-familieark.jpg\",\"articleSection\":[\"Nyheter\"],\"inLanguage\":\"en-GB\"},{\"@type\":\"WebPage\",\"@id\":\"https:\/\/cfnorge.no\/region-sor-ost-inviterer-alle-medlemmer-til-foldvik-familiepark-6-juni-2026\/\",\"url\":\"https:\/\/cfnorge.no\/region-sor-ost-inviterer-alle-medlemmer-til-foldvik-familiepark-6-juni-2026\/\",\"name\":\"Region S\u00f8r-\u00d8st inviterer alle medlemmer til Foldvik Familiepark - 6 juni 2026 - CF Norge\",\"isPartOf\":{\"@id\":\"https:\/\/cfnorge.no\/#website\"},\"primaryImageOfPage\":{\"@id\":\"https:\/\/cfnorge.no\/region-sor-ost-inviterer-alle-medlemmer-til-foldvik-familiepark-6-juni-2026\/#primaryimage\"},\"image\":{\"@id\":\"https:\/\/cfnorge.no\/region-sor-ost-inviterer-alle-medlemmer-til-foldvik-familiepark-6-juni-2026\/#primaryimage\"},\"thumbnailUrl\":\"https:\/\/cfnorge.no\/wp-content\/uploads\/2026\/03\/Foldvik-familieark.jpg\",\"datePublished\":\"2026-03-10T12:21:51+00:00\",\"dateModified\":\"2026-03-10T12:30:05+00:00\",\"description\":\"Bli med p\u00e5 tidenes dag i Foldvik familiepark, sammen med region S\u00f8r-\u00d8st!\",\"breadcrumb\":{\"@id\":\"https:\/\/cfnorge.no\/region-sor-ost-inviterer-alle-medlemmer-til-foldvik-familiepark-6-juni-2026\/#breadcrumb\"},\"inLanguage\":\"en-GB\",\"potentialAction\":[{\"@type\":\"ReadAction\",\"target\":[\"https:\/\/cfnorge.no\/region-sor-ost-inviterer-alle-medlemmer-til-foldvik-familiepark-6-juni-2026\/\"]}]},{\"@type\":\"ImageObject\",\"inLanguage\":\"en-GB\",\"@id\":\"https:\/\/cfnorge.no\/region-sor-ost-inviterer-alle-medlemmer-til-foldvik-familiepark-6-juni-2026\/#primaryimage\",\"url\":\"https:\/\/cfnorge.no\/wp-content\/uploads\/2026\/03\/Foldvik-familieark.jpg\",\"contentUrl\":\"https:\/\/cfnorge.no\/wp-content\/uploads\/2026\/03\/Foldvik-familieark.jpg\",\"width\":2048,\"height\":1331},{\"@type\":\"BreadcrumbList\",\"@id\":\"https:\/\/cfnorge.no\/region-sor-ost-inviterer-alle-medlemmer-til-foldvik-familiepark-6-juni-2026\/#breadcrumb\",\"itemListElement\":[{\"@type\":\"ListItem\",\"position\":1,\"name\":\"Hjem\",\"item\":\"https:\/\/cfnorge.no\/\"},{\"@type\":\"ListItem\",\"position\":2,\"name\":\"Region S\u00f8r-\u00d8st inviterer alle medlemmer til Foldvik Familiepark &#8211; 6 juni 2026\"}]},{\"@type\":\"WebSite\",\"@id\":\"https:\/\/cfnorge.no\/#website\",\"url\":\"https:\/\/cfnorge.no\/\",\"name\":\"CF Norge\",\"description\":\"\",\"publisher\":{\"@id\":\"https:\/\/cfnorge.no\/#organization\"},\"potentialAction\":[{\"@type\":\"SearchAction\",\"target\":{\"@type\":\"EntryPoint\",\"urlTemplate\":\"https:\/\/cfnorge.no\/?s={search_term_string}\"},\"query-input\":{\"@type\":\"PropertyValueSpecification\",\"valueRequired\":true,\"valueName\":\"search_term_string\"}}],\"inLanguage\":\"en-GB\"},{\"@type\":\"Organization\",\"@id\":\"https:\/\/cfnorge.no\/#organization\",\"name\":\"CF Norge\",\"url\":\"https:\/\/cfnorge.no\/\",\"logo\":{\"@type\":\"ImageObject\",\"inLanguage\":\"en-GB\",\"@id\":\"https:\/\/cfnorge.no\/#\/schema\/logo\/image\/\",\"url\":\"https:\/\/cfnorge.no\/wp-content\/uploads\/2024\/06\/CF-Horisontal-logo-2.png\",\"contentUrl\":\"https:\/\/cfnorge.no\/wp-content\/uploads\/2024\/06\/CF-Horisontal-logo-2.png\",\"width\":12334,\"height\":3827,\"caption\":\"CF Norge\"},\"image\":{\"@id\":\"https:\/\/cfnorge.no\/#\/schema\/logo\/image\/\"}},{\"@type\":\"Person\",\"@id\":\"https:\/\/cfnorge.no\/#\/schema\/person\/923842d8e67794feac05bf046529d5c2\",\"name\":\"CFNorge\",\"image\":{\"@type\":\"ImageObject\",\"inLanguage\":\"en-GB\",\"@id\":\"https:\/\/cfnorge.no\/#\/schema\/person\/image\/\",\"url\":\"https:\/\/secure.gravatar.com\/avatar\/e8c2e018af16dfdb2dfc103b8e40c51373de7cf711e238e25f46bc0e92ba209d?s=96&d=mm&r=g\",\"contentUrl\":\"https:\/\/secure.gravatar.com\/avatar\/e8c2e018af16dfdb2dfc103b8e40c51373de7cf711e238e25f46bc0e92ba209d?s=96&d=mm&r=g\",\"caption\":\"CFNorge\"},\"url\":\"https:\/\/cfnorge.no\/en\/author\/cfnorge\/\"}]}<\/script>\n<!-- \/ Yoast SEO plugin. -->","yoast_head_json":{"title":"Region S\u00f8r-\u00d8st inviterer alle medlemmer til Foldvik Familiepark - 6 juni 2026 - CF Norge","description":"Bli med p\u00e5 tidenes dag i Foldvik familiepark, sammen med region S\u00f8r-\u00d8st!","robots":{"index":"index","follow":"follow","max-snippet":"max-snippet:-1","max-image-preview":"max-image-preview:large","max-video-preview":"max-video-preview:-1"},"canonical":"https:\/\/cfnorge.no\/en\/region-sor-ost-inviterer-alle-medlemmer-til-foldvik-familiepark-6-juni-2026\/","og_locale":"en_GB","og_type":"article","og_title":"Region S\u00f8r-\u00d8st inviterer alle medlemmer til Foldvik Familiepark - 6 juni 2026 - CF Norge","og_description":"Bli med p\u00e5 tidenes dag i Foldvik familiepark, sammen med region S\u00f8r-\u00d8st!","og_url":"https:\/\/cfnorge.no\/en\/region-sor-ost-inviterer-alle-medlemmer-til-foldvik-familiepark-6-juni-2026\/","og_site_name":"CF Norge","article_published_time":"2026-03-10T12:21:51+00:00","article_modified_time":"2026-03-10T12:30:05+00:00","og_image":[{"width":2048,"height":1331,"url":"https:\/\/cfnorge.no\/wp-content\/uploads\/2026\/03\/Foldvik-familieark.jpg","type":"image\/jpeg"}],"author":"CFNorge","twitter_card":"summary_large_image","twitter_misc":{"Written by":"CFNorge","Estimated reading time":"2 minutes"},"schema":{"@context":"https:\/\/schema.org","@graph":[{"@type":"Article","@id":"https:\/\/cfnorge.no\/region-sor-ost-inviterer-alle-medlemmer-til-foldvik-familiepark-6-juni-2026\/#article","isPartOf":{"@id":"https:\/\/cfnorge.no\/region-sor-ost-inviterer-alle-medlemmer-til-foldvik-familiepark-6-juni-2026\/"},"author":{"name":"CFNorge","@id":"https:\/\/cfnorge.no\/#\/schema\/person\/923842d8e67794feac05bf046529d5c2"},"headline":"Region S\u00f8r-\u00d8st inviterer alle medlemmer til Foldvik Familiepark &#8211; 6 juni 2026","datePublished":"2026-03-10T12:21:51+00:00","dateModified":"2026-03-10T12:30:05+00:00","mainEntityOfPage":{"@id":"https:\/\/cfnorge.no\/region-sor-ost-inviterer-alle-medlemmer-til-foldvik-familiepark-6-juni-2026\/"},"wordCount":1574,"publisher":{"@id":"https:\/\/cfnorge.no\/#organization"},"image":{"@id":"https:\/\/cfnorge.no\/region-sor-ost-inviterer-alle-medlemmer-til-foldvik-familiepark-6-juni-2026\/#primaryimage"},"thumbnailUrl":"https:\/\/cfnorge.no\/wp-content\/uploads\/2026\/03\/Foldvik-familieark.jpg","articleSection":["Nyheter"],"inLanguage":"en-GB"},{"@type":"WebPage","@id":"https:\/\/cfnorge.no\/region-sor-ost-inviterer-alle-medlemmer-til-foldvik-familiepark-6-juni-2026\/","url":"https:\/\/cfnorge.no\/region-sor-ost-inviterer-alle-medlemmer-til-foldvik-familiepark-6-juni-2026\/","name":"Region S\u00f8r-\u00d8st inviterer alle medlemmer til Foldvik Familiepark - 6 juni 2026 - CF Norge","isPartOf":{"@id":"https:\/\/cfnorge.no\/#website"},"primaryImageOfPage":{"@id":"https:\/\/cfnorge.no\/region-sor-ost-inviterer-alle-medlemmer-til-foldvik-familiepark-6-juni-2026\/#primaryimage"},"image":{"@id":"https:\/\/cfnorge.no\/region-sor-ost-inviterer-alle-medlemmer-til-foldvik-familiepark-6-juni-2026\/#primaryimage"},"thumbnailUrl":"https:\/\/cfnorge.no\/wp-content\/uploads\/2026\/03\/Foldvik-familieark.jpg","datePublished":"2026-03-10T12:21:51+00:00","dateModified":"2026-03-10T12:30:05+00:00","description":"Bli med p\u00e5 tidenes dag i Foldvik familiepark, sammen med region S\u00f8r-\u00d8st!","breadcrumb":{"@id":"https:\/\/cfnorge.no\/region-sor-ost-inviterer-alle-medlemmer-til-foldvik-familiepark-6-juni-2026\/#breadcrumb"},"inLanguage":"en-GB","potentialAction":[{"@type":"ReadAction","target":["https:\/\/cfnorge.no\/region-sor-ost-inviterer-alle-medlemmer-til-foldvik-familiepark-6-juni-2026\/"]}]},{"@type":"ImageObject","inLanguage":"en-GB","@id":"https:\/\/cfnorge.no\/region-sor-ost-inviterer-alle-medlemmer-til-foldvik-familiepark-6-juni-2026\/#primaryimage","url":"https:\/\/cfnorge.no\/wp-content\/uploads\/2026\/03\/Foldvik-familieark.jpg","contentUrl":"https:\/\/cfnorge.no\/wp-content\/uploads\/2026\/03\/Foldvik-familieark.jpg","width":2048,"height":1331},{"@type":"BreadcrumbList","@id":"https:\/\/cfnorge.no\/region-sor-ost-inviterer-alle-medlemmer-til-foldvik-familiepark-6-juni-2026\/#breadcrumb","itemListElement":[{"@type":"ListItem","position":1,"name":"Hjem","item":"https:\/\/cfnorge.no\/"},{"@type":"ListItem","position":2,"name":"Region S\u00f8r-\u00d8st inviterer alle medlemmer til Foldvik Familiepark &#8211; 6 juni 2026"}]},{"@type":"WebSite","@id":"https:\/\/cfnorge.no\/#website","url":"https:\/\/cfnorge.no\/","name":"CF Norge","description":"","publisher":{"@id":"https:\/\/cfnorge.no\/#organization"},"potentialAction":[{"@type":"SearchAction","target":{"@type":"EntryPoint","urlTemplate":"https:\/\/cfnorge.no\/?s={search_term_string}"},"query-input":{"@type":"PropertyValueSpecification","valueRequired":true,"valueName":"search_term_string"}}],"inLanguage":"en-GB"},{"@type":"Organization","@id":"https:\/\/cfnorge.no\/#organization","name":"CF Norge","url":"https:\/\/cfnorge.no\/","logo":{"@type":"ImageObject","inLanguage":"en-GB","@id":"https:\/\/cfnorge.no\/#\/schema\/logo\/image\/","url":"https:\/\/cfnorge.no\/wp-content\/uploads\/2024\/06\/CF-Horisontal-logo-2.png","contentUrl":"https:\/\/cfnorge.no\/wp-content\/uploads\/2024\/06\/CF-Horisontal-logo-2.png","width":12334,"height":3827,"caption":"CF Norge"},"image":{"@id":"https:\/\/cfnorge.no\/#\/schema\/logo\/image\/"}},{"@type":"Person","@id":"https:\/\/cfnorge.no\/#\/schema\/person\/923842d8e67794feac05bf046529d5c2","name":"CFNorge","image":{"@type":"ImageObject","inLanguage":"en-GB","@id":"https:\/\/cfnorge.no\/#\/schema\/person\/image\/","url":"https:\/\/secure.gravatar.com\/avatar\/e8c2e018af16dfdb2dfc103b8e40c51373de7cf711e238e25f46bc0e92ba209d?s=96&d=mm&r=g","contentUrl":"https:\/\/secure.gravatar.com\/avatar\/e8c2e018af16dfdb2dfc103b8e40c51373de7cf711e238e25f46bc0e92ba209d?s=96&d=mm&r=g","caption":"CFNorge"},"url":"https:\/\/cfnorge.no\/en\/author\/cfnorge\/"}]}},"_links":{"self":[{"href":"https:\/\/cfnorge.no\/en\/wp-json\/wp\/v2\/posts\/2781","targetHints":{"allow":["GET"]}}],"collection":[{"href":"https:\/\/cfnorge.no\/en\/wp-json\/wp\/v2\/posts"}],"about":[{"href":"https:\/\/cfnorge.no\/en\/wp-json\/wp\/v2\/types\/post"}],"author":[{"embeddable":true,"href":"https:\/\/cfnorge.no\/en\/wp-json\/wp\/v2\/users\/6"}],"replies":[{"embeddable":true,"href":"https:\/\/cfnorge.no\/en\/wp-json\/wp\/v2\/comments?post=2781"}],"version-history":[{"count":7,"href":"https:\/\/cfnorge.no\/en\/wp-json\/wp\/v2\/posts\/2781\/revisions"}],"predecessor-version":[{"id":2792,"href":"https:\/\/cfnorge.no\/en\/wp-json\/wp\/v2\/posts\/2781\/revisions\/2792"}],"wp:featuredmedia":[{"embeddable":true,"href":"https:\/\/cfnorge.no\/en\/wp-json\/wp\/v2\/media\/2788"}],"wp:attachment":[{"href":"https:\/\/cfnorge.no\/en\/wp-json\/wp\/v2\/media?parent=2781"}],"wp:term":[{"taxonomy":"category","embeddable":true,"href":"https:\/\/cfnorge.no\/en\/wp-json\/wp\/v2\/categories?post=2781"},{"taxonomy":"post_tag","embeddable":true,"href":"https:\/\/cfnorge.no\/en\/wp-json\/wp\/v2\/tags?post=2781"}],"curies":[{"name":"wp","href":"https:\/\/api.w.org\/{rel}","templated":true}]}}